{"id":7882,"date":"2023-02-07T13:11:54","date_gmt":"2023-02-07T12:11:54","guid":{"rendered":"https:\/\/www.framex.pl\/nowa-tymczasowa-droga-dojazdu-copy\/"},"modified":"2023-02-07T13:35:17","modified_gmt":"2023-02-07T12:35:17","slug":"nowa-tymczasowa-droga-dojazdu-copy","status":"publish","type":"post","link":"https:\/\/www.framex.pl\/en\/nowa-tymczasowa-droga-dojazdu-copy\/","title":{"rendered":"09.02.2023 (czwartek) dojazd do biura i fabryki b\u0119dzie niemo\u017cliwy"},"content":{"rendered":"<p>Z powodu przebudowy drogi dojazdowej tego dnia nie b\u0119dzie mo\u017cliwo\u015bci wjazdu na teren fabryki. W zwi\u0105zku z tym nie b\u0119d\u0105 odbywa\u0107 si\u0119 \u017cadne dostawy oraz odbiory towar\u00f3w.<\/p>\n<p><img decoding=\"async\" class=\"alignnone wp-image-7885\" src=\"https:\/\/www.framex.pl\/wp-content\/uploads\/2023\/02\/SM09.02Artboard-1-300x242.png\" alt=\"\" width=\"829\" height=\"669\" srcset=\"https:\/\/www.framex.pl\/wp-content\/uploads\/2023\/02\/SM09.02Artboard-1-300x242.png 300w, https:\/\/www.framex.pl\/wp-content\/uploads\/2023\/02\/SM09.02Artboard-1-1024x827.png 1024w, https:\/\/www.framex.pl\/wp-content\/uploads\/2023\/02\/SM09.02Artboard-1-768x621.png 768w, https:\/\/www.framex.pl\/wp-content\/uploads\/2023\/02\/SM09.02Artboard-1.png 1229w\" sizes=\"(max-width: 829px) 100vw, 829px\" \/><\/p>\n<p>&nbsp;<\/p>\n","protected":false},"excerpt":{"rendered":"<p>Z powodu przebudowy drogi dojazdowej tego dnia nie b\u0119dzie mo\u017cliwo\u015bci wjazdu na teren fabryki. W zwi\u0105zku z tym nie b\u0119d\u0105 odbywa\u0107 si\u0119 \u017cadne dostawy oraz odbiory towar\u00f3w. &nbsp;<\/p>\n","protected":false},"author":3,"featured_media":7885,"comment_status":"closed","ping_status":"closed","sticky":false,"template":"","format":"standard","meta":{"_acf_changed":false,"inline_featured_image":false,"footnotes":""},"categories":[1],"tags":[],"acf":[],"yoast_head":"<!-- This site is optimized with the Yoast SEO plugin v23.0 - https:\/\/yoast.com\/wordpress\/plugins\/seo\/ -->\n<title>09.02.2023 (czwartek) dojazd do biura i fabryki b\u0119dzie niemo\u017cliwy &#171; Framex<\/title>\n<meta name=\"description\" content=\"Okna PCV i Drzwi produkujemy i instalujemy od 26 lat. W ofercie znajdziesz wysokiej klasy okna i drzwi jak i te na ka\u017cd\u0105 kiesze\u0144. Sprawd\u017a nasz\u0105 ofert\u0119.\" \/>\n<meta name=\"robots\" content=\"noindex, follow\" \/>\n<meta property=\"og:locale\" content=\"en_US\" \/>\n<meta property=\"og:type\" content=\"article\" \/>\n<meta property=\"og:title\" content=\"09.02.2023 (czwartek) dojazd do biura i fabryki b\u0119dzie niemo\u017cliwy &#171; Framex\" \/>\n<meta property=\"og:description\" content=\"Okna PCV i Drzwi produkujemy i instalujemy od 26 lat. W ofercie znajdziesz wysokiej klasy okna i drzwi jak i te na ka\u017cd\u0105 kiesze\u0144. Sprawd\u017a nasz\u0105 ofert\u0119.\" \/>\n<meta property=\"og:url\" content=\"https:\/\/www.framex.pl\/nowa-tymczasowa-droga-dojazdu-copy\/\" \/>\n<meta property=\"og:site_name\" content=\"Framex\" \/>\n<meta property=\"article:published_time\" content=\"2023-02-07T12:11:54+00:00\" \/>\n<meta property=\"article:modified_time\" content=\"2023-02-07T12:35:17+00:00\" \/>\n<meta property=\"og:image\" content=\"https:\/\/www.framex.pl\/wp-content\/uploads\/2023\/02\/SM09.02Artboard-1.png\" \/>\n\t<meta property=\"og:image:width\" content=\"1229\" \/>\n\t<meta property=\"og:image:height\" content=\"993\" \/>\n\t<meta property=\"og:image:type\" content=\"image\/png\" \/>\n<meta name=\"author\" content=\"klinika_reklamy\" \/>\n<meta name=\"twitter:card\" content=\"summary_large_image\" \/>\n<meta name=\"twitter:label1\" content=\"Written by\" \/>\n\t<meta name=\"twitter:data1\" content=\"klinika_reklamy\" \/>\n<script type=\"application\/ld+json\" class=\"yoast-schema-graph\">{\"@context\":\"https:\/\/schema.org\",\"@graph\":[{\"@type\":\"Article\",\"@id\":\"https:\/\/www.framex.pl\/nowa-tymczasowa-droga-dojazdu-copy\/#article\",\"isPartOf\":{\"@id\":\"https:\/\/www.framex.pl\/nowa-tymczasowa-droga-dojazdu-copy\/\"},\"author\":{\"name\":\"klinika_reklamy\",\"@id\":\"https:\/\/www.framex.pl\/#\/schema\/person\/41d4863cf3fa6e04d40f603859343ff4\"},\"headline\":\"09.02.2023 (czwartek) dojazd do biura i fabryki b\u0119dzie niemo\u017cliwy\",\"datePublished\":\"2023-02-07T12:11:54+00:00\",\"dateModified\":\"2023-02-07T12:35:17+00:00\",\"mainEntityOfPage\":{\"@id\":\"https:\/\/www.framex.pl\/nowa-tymczasowa-droga-dojazdu-copy\/\"},\"wordCount\":44,\"publisher\":{\"@id\":\"https:\/\/www.framex.pl\/#organization\"},\"image\":{\"@id\":\"https:\/\/www.framex.pl\/nowa-tymczasowa-droga-dojazdu-copy\/#primaryimage\"},\"thumbnailUrl\":\"https:\/\/www.framex.pl\/wp-content\/uploads\/2023\/02\/SM09.02Artboard-1.png\",\"articleSection\":[\"Bez kategorii\"],\"inLanguage\":\"en-US\"},{\"@type\":\"WebPage\",\"@id\":\"https:\/\/www.framex.pl\/nowa-tymczasowa-droga-dojazdu-copy\/\",\"url\":\"https:\/\/www.framex.pl\/nowa-tymczasowa-droga-dojazdu-copy\/\",\"name\":\"09.02.2023 (czwartek) dojazd do biura i fabryki b\u0119dzie niemo\u017cliwy &#171; Framex\",\"isPartOf\":{\"@id\":\"https:\/\/www.framex.pl\/#website\"},\"primaryImageOfPage\":{\"@id\":\"https:\/\/www.framex.pl\/nowa-tymczasowa-droga-dojazdu-copy\/#primaryimage\"},\"image\":{\"@id\":\"https:\/\/www.framex.pl\/nowa-tymczasowa-droga-dojazdu-copy\/#primaryimage\"},\"thumbnailUrl\":\"https:\/\/www.framex.pl\/wp-content\/uploads\/2023\/02\/SM09.02Artboard-1.png\",\"datePublished\":\"2023-02-07T12:11:54+00:00\",\"dateModified\":\"2023-02-07T12:35:17+00:00\",\"description\":\"Okna PCV i Drzwi produkujemy i instalujemy od 26 lat. W ofercie znajdziesz wysokiej klasy okna i drzwi jak i te na ka\u017cd\u0105 kiesze\u0144. Sprawd\u017a nasz\u0105 ofert\u0119.\",\"breadcrumb\":{\"@id\":\"https:\/\/www.framex.pl\/nowa-tymczasowa-droga-dojazdu-copy\/#breadcrumb\"},\"inLanguage\":\"en-US\",\"potentialAction\":[{\"@type\":\"ReadAction\",\"target\":[\"https:\/\/www.framex.pl\/nowa-tymczasowa-droga-dojazdu-copy\/\"]}]},{\"@type\":\"ImageObject\",\"inLanguage\":\"en-US\",\"@id\":\"https:\/\/www.framex.pl\/nowa-tymczasowa-droga-dojazdu-copy\/#primaryimage\",\"url\":\"https:\/\/www.framex.pl\/wp-content\/uploads\/2023\/02\/SM09.02Artboard-1.png\",\"contentUrl\":\"https:\/\/www.framex.pl\/wp-content\/uploads\/2023\/02\/SM09.02Artboard-1.png\",\"width\":1229,\"height\":993},{\"@type\":\"BreadcrumbList\",\"@id\":\"https:\/\/www.framex.pl\/nowa-tymczasowa-droga-dojazdu-copy\/#breadcrumb\",\"itemListElement\":[{\"@type\":\"ListItem\",\"position\":1,\"name\":\"Strona G\u0142\u00f3wna\",\"item\":\"https:\/\/www.framex.pl\/en\/\"},{\"@type\":\"ListItem\",\"position\":2,\"name\":\"Uncategorized\",\"item\":\"https:\/\/www.framex.pl\/en\/category\/uncategorized\/\"},{\"@type\":\"ListItem\",\"position\":3,\"name\":\"09.02.2023 (czwartek) dojazd do biura i fabryki b\u0119dzie niemo\u017cliwy\"}]},{\"@type\":\"WebSite\",\"@id\":\"https:\/\/www.framex.pl\/#website\",\"url\":\"https:\/\/www.framex.pl\/\",\"name\":\"Framex\",\"description\":\"Okna i Drzwi z PCV oraz Aluminium prosto od Producenta - bez po\u015brednik\u00f3w! Zajmujemy si\u0119 produkcj\u0105 i monta\u017cem okien od 26 lat. Jeste\u015bmy liderem w woj. zachodniopomorskim.  W ofercie znajdziesz wysokiej klasy okna PCV PCW z fachow\u0105 us\u0142ug\u0105 monta\u017cu. Sprawd\u017a nasz\u0105 ofert\u0119. Salony sprzeda\u017cy w Szczecinie, Stargardzie i Morzyczynie. Przyjd\u017a i sprawd\u017a.\",\"publisher\":{\"@id\":\"https:\/\/www.framex.pl\/#organization\"},\"inLanguage\":\"en-US\"},{\"@type\":\"Organization\",\"@id\":\"https:\/\/www.framex.pl\/#organization\",\"name\":\"Framex Producent Okien\",\"url\":\"https:\/\/www.framex.pl\/\",\"logo\":{\"@type\":\"ImageObject\",\"inLanguage\":\"en-US\",\"@id\":\"https:\/\/www.framex.pl\/#\/schema\/logo\/image\/\",\"url\":\"https:\/\/www.framex.pl\/wp-content\/uploads\/2026\/01\/Framex-2026-FB-logo-v3.png\",\"contentUrl\":\"https:\/\/www.framex.pl\/wp-content\/uploads\/2026\/01\/Framex-2026-FB-logo-v3.png\",\"width\":1080,\"height\":1080,\"caption\":\"Framex Producent Okien\"},\"image\":{\"@id\":\"https:\/\/www.framex.pl\/#\/schema\/logo\/image\/\"}},{\"@type\":\"Person\",\"@id\":\"https:\/\/www.framex.pl\/#\/schema\/person\/41d4863cf3fa6e04d40f603859343ff4\",\"name\":\"klinika_reklamy\"}]}<\/script>\n<!-- \/ Yoast SEO plugin. -->","yoast_head_json":{"title":"09.02.2023 (czwartek) dojazd do biura i fabryki b\u0119dzie niemo\u017cliwy &#171; Framex","description":"Okna PCV i Drzwi produkujemy i instalujemy od 26 lat. W ofercie znajdziesz wysokiej klasy okna i drzwi jak i te na ka\u017cd\u0105 kiesze\u0144. Sprawd\u017a nasz\u0105 ofert\u0119.","robots":{"index":"noindex","follow":"follow"},"og_locale":"en_US","og_type":"article","og_title":"09.02.2023 (czwartek) dojazd do biura i fabryki b\u0119dzie niemo\u017cliwy &#171; Framex","og_description":"Okna PCV i Drzwi produkujemy i instalujemy od 26 lat. W ofercie znajdziesz wysokiej klasy okna i drzwi jak i te na ka\u017cd\u0105 kiesze\u0144. Sprawd\u017a nasz\u0105 ofert\u0119.","og_url":"https:\/\/www.framex.pl\/nowa-tymczasowa-droga-dojazdu-copy\/","og_site_name":"Framex","article_published_time":"2023-02-07T12:11:54+00:00","article_modified_time":"2023-02-07T12:35:17+00:00","og_image":[{"width":1229,"height":993,"url":"https:\/\/www.framex.pl\/wp-content\/uploads\/2023\/02\/SM09.02Artboard-1.png","type":"image\/png"}],"author":"klinika_reklamy","twitter_card":"summary_large_image","twitter_misc":{"Written by":"klinika_reklamy"},"schema":{"@context":"https:\/\/schema.org","@graph":[{"@type":"Article","@id":"https:\/\/www.framex.pl\/nowa-tymczasowa-droga-dojazdu-copy\/#article","isPartOf":{"@id":"https:\/\/www.framex.pl\/nowa-tymczasowa-droga-dojazdu-copy\/"},"author":{"name":"klinika_reklamy","@id":"https:\/\/www.framex.pl\/#\/schema\/person\/41d4863cf3fa6e04d40f603859343ff4"},"headline":"09.02.2023 (czwartek) dojazd do biura i fabryki b\u0119dzie niemo\u017cliwy","datePublished":"2023-02-07T12:11:54+00:00","dateModified":"2023-02-07T12:35:17+00:00","mainEntityOfPage":{"@id":"https:\/\/www.framex.pl\/nowa-tymczasowa-droga-dojazdu-copy\/"},"wordCount":44,"publisher":{"@id":"https:\/\/www.framex.pl\/#organization"},"image":{"@id":"https:\/\/www.framex.pl\/nowa-tymczasowa-droga-dojazdu-copy\/#primaryimage"},"thumbnailUrl":"https:\/\/www.framex.pl\/wp-content\/uploads\/2023\/02\/SM09.02Artboard-1.png","articleSection":["Bez kategorii"],"inLanguage":"en-US"},{"@type":"WebPage","@id":"https:\/\/www.framex.pl\/nowa-tymczasowa-droga-dojazdu-copy\/","url":"https:\/\/www.framex.pl\/nowa-tymczasowa-droga-dojazdu-copy\/","name":"09.02.2023 (czwartek) dojazd do biura i fabryki b\u0119dzie niemo\u017cliwy &#171; Framex","isPartOf":{"@id":"https:\/\/www.framex.pl\/#website"},"primaryImageOfPage":{"@id":"https:\/\/www.framex.pl\/nowa-tymczasowa-droga-dojazdu-copy\/#primaryimage"},"image":{"@id":"https:\/\/www.framex.pl\/nowa-tymczasowa-droga-dojazdu-copy\/#primaryimage"},"thumbnailUrl":"https:\/\/www.framex.pl\/wp-content\/uploads\/2023\/02\/SM09.02Artboard-1.png","datePublished":"2023-02-07T12:11:54+00:00","dateModified":"2023-02-07T12:35:17+00:00","description":"Okna PCV i Drzwi produkujemy i instalujemy od 26 lat. W ofercie znajdziesz wysokiej klasy okna i drzwi jak i te na ka\u017cd\u0105 kiesze\u0144. Sprawd\u017a nasz\u0105 ofert\u0119.","breadcrumb":{"@id":"https:\/\/www.framex.pl\/nowa-tymczasowa-droga-dojazdu-copy\/#breadcrumb"},"inLanguage":"en-US","potentialAction":[{"@type":"ReadAction","target":["https:\/\/www.framex.pl\/nowa-tymczasowa-droga-dojazdu-copy\/"]}]},{"@type":"ImageObject","inLanguage":"en-US","@id":"https:\/\/www.framex.pl\/nowa-tymczasowa-droga-dojazdu-copy\/#primaryimage","url":"https:\/\/www.framex.pl\/wp-content\/uploads\/2023\/02\/SM09.02Artboard-1.png","contentUrl":"https:\/\/www.framex.pl\/wp-content\/uploads\/2023\/02\/SM09.02Artboard-1.png","width":1229,"height":993},{"@type":"BreadcrumbList","@id":"https:\/\/www.framex.pl\/nowa-tymczasowa-droga-dojazdu-copy\/#breadcrumb","itemListElement":[{"@type":"ListItem","position":1,"name":"Strona G\u0142\u00f3wna","item":"https:\/\/www.framex.pl\/en\/"},{"@type":"ListItem","position":2,"name":"Uncategorized","item":"https:\/\/www.framex.pl\/en\/category\/uncategorized\/"},{"@type":"ListItem","position":3,"name":"09.02.2023 (czwartek) dojazd do biura i fabryki b\u0119dzie niemo\u017cliwy"}]},{"@type":"WebSite","@id":"https:\/\/www.framex.pl\/#website","url":"https:\/\/www.framex.pl\/","name":"Framex","description":"Okna i Drzwi z PCV oraz Aluminium prosto od Producenta - bez po\u015brednik\u00f3w! Zajmujemy si\u0119 produkcj\u0105 i monta\u017cem okien od 26 lat. Jeste\u015bmy liderem w woj. zachodniopomorskim.  W ofercie znajdziesz wysokiej klasy okna PCV PCW z fachow\u0105 us\u0142ug\u0105 monta\u017cu. Sprawd\u017a nasz\u0105 ofert\u0119. Salony sprzeda\u017cy w Szczecinie, Stargardzie i Morzyczynie. Przyjd\u017a i sprawd\u017a.","publisher":{"@id":"https:\/\/www.framex.pl\/#organization"},"inLanguage":"en-US"},{"@type":"Organization","@id":"https:\/\/www.framex.pl\/#organization","name":"Framex Producent Okien","url":"https:\/\/www.framex.pl\/","logo":{"@type":"ImageObject","inLanguage":"en-US","@id":"https:\/\/www.framex.pl\/#\/schema\/logo\/image\/","url":"https:\/\/www.framex.pl\/wp-content\/uploads\/2026\/01\/Framex-2026-FB-logo-v3.png","contentUrl":"https:\/\/www.framex.pl\/wp-content\/uploads\/2026\/01\/Framex-2026-FB-logo-v3.png","width":1080,"height":1080,"caption":"Framex Producent Okien"},"image":{"@id":"https:\/\/www.framex.pl\/#\/schema\/logo\/image\/"}},{"@type":"Person","@id":"https:\/\/www.framex.pl\/#\/schema\/person\/41d4863cf3fa6e04d40f603859343ff4","name":"klinika_reklamy"}]}},"_links":{"self":[{"href":"https:\/\/www.framex.pl\/en\/wp-json\/wp\/v2\/posts\/7882"}],"collection":[{"href":"https:\/\/www.framex.pl\/en\/wp-json\/wp\/v2\/posts"}],"about":[{"href":"https:\/\/www.framex.pl\/en\/wp-json\/wp\/v2\/types\/post"}],"author":[{"embeddable":true,"href":"https:\/\/www.framex.pl\/en\/wp-json\/wp\/v2\/users\/3"}],"replies":[{"embeddable":true,"href":"https:\/\/www.framex.pl\/en\/wp-json\/wp\/v2\/comments?post=7882"}],"version-history":[{"count":0,"href":"https:\/\/www.framex.pl\/en\/wp-json\/wp\/v2\/posts\/7882\/revisions"}],"wp:featuredmedia":[{"embeddable":true,"href":"https:\/\/www.framex.pl\/en\/wp-json\/wp\/v2\/media\/7885"}],"wp:attachment":[{"href":"https:\/\/www.framex.pl\/en\/wp-json\/wp\/v2\/media?parent=7882"}],"wp:term":[{"taxonomy":"category","embeddable":true,"href":"https:\/\/www.framex.pl\/en\/wp-json\/wp\/v2\/categories?post=7882"},{"taxonomy":"post_tag","embeddable":true,"href":"https:\/\/www.framex.pl\/en\/wp-json\/wp\/v2\/tags?post=7882"}],"curies":[{"name":"wp","href":"https:\/\/api.w.org\/{rel}","templated":true}]}}