{"id":7337,"date":"2022-11-22T09:33:10","date_gmt":"2022-11-22T08:33:10","guid":{"rendered":"https:\/\/www.framex.pl\/?p=7337"},"modified":"2022-11-22T09:35:14","modified_gmt":"2022-11-22T08:35:14","slug":"informujemy-iz-w-dniach-24-12-2022-r-sobota-wigilia-31-12-2022-r-sobota-sylwester","status":"publish","type":"post","link":"https:\/\/www.framex.pl\/en\/informujemy-iz-w-dniach-24-12-2022-r-sobota-wigilia-31-12-2022-r-sobota-sylwester\/","title":{"rendered":"Informujemy, i\u017c w dniach: 24.12.2022 r, 31.12.2022 r&#8230;"},"content":{"rendered":"<div class=\"ql-block\" data-block-id=\"block-8879b603-0303-4888-bec7-89c22d4f9b49\">\n<p><strong>Informujemy, i\u017c w dniach :<\/strong><\/p>\n<\/div>\n<div class=\"ql-block\" data-block-id=\"block-ce778b46-a4b1-40d1-ab23-791156358ed2\">24.12.2022 r -( sobota) Wigilia,<\/div>\n<div class=\"ql-block\" data-block-id=\"block-34d4004d-f67e-4714-8015-4a255a5a211c\">31.12.2022 r &#8211; (sobota) Sylwester,<\/div>\n<div class=\"ql-block\" data-block-id=\"block-a35f42d6-779f-415a-98d7-572561678e25\">\n<p>07.01.2023 r &#8211; (sobota) po 06.01.2023r &#8211; \u015awi\u0119cie Trzech Kr\u00f3li.<\/p>\n<\/div>\n<div class=\"ql-block\" data-block-id=\"block-c169b5c1-4637-4bb1-8b43-a01ff5bfead6\">Wszystkie biura handlowe oraz dzia\u0142y produkcji pcw i aluminium s\u0105\u00a0<strong>NIECZYNNE.<\/strong><\/div>\n<div class=\"ql-block\" data-block-id=\"block-c2ca88e1-055f-4ff5-86d3-866f435d7223\">Prosz\u0119 poinformowa\u0107\u00a0<strong>Kontrahent\u00f3w<\/strong>, i\u017c ca\u0142a firma jest nieczynna i nie wydajemy okien.<\/div>\n<div data-block-id=\"block-c2ca88e1-055f-4ff5-86d3-866f435d7223\"><\/div>\n<div data-block-id=\"block-c2ca88e1-055f-4ff5-86d3-866f435d7223\"><img decoding=\"async\" class=\"alignnone wp-image-7341 size-full\" src=\"https:\/\/www.framex.pl\/wp-content\/uploads\/2022\/11\/Framex_v1_1200x900-High-Quality-2.jpg\" alt=\"\" width=\"1200\" height=\"900\" srcset=\"https:\/\/www.framex.pl\/wp-content\/uploads\/2022\/11\/Framex_v1_1200x900-High-Quality-2.jpg 1200w, https:\/\/www.framex.pl\/wp-content\/uploads\/2022\/11\/Framex_v1_1200x900-High-Quality-2-300x225.jpg 300w, https:\/\/www.framex.pl\/wp-content\/uploads\/2022\/11\/Framex_v1_1200x900-High-Quality-2-1024x768.jpg 1024w, https:\/\/www.framex.pl\/wp-content\/uploads\/2022\/11\/Framex_v1_1200x900-High-Quality-2-768x576.jpg 768w, https:\/\/www.framex.pl\/wp-content\/uploads\/2022\/11\/Framex_v1_1200x900-High-Quality-2-446x334.jpg 446w, https:\/\/www.framex.pl\/wp-content\/uploads\/2022\/11\/Framex_v1_1200x900-High-Quality-2-195x146.jpg 195w\" sizes=\"(max-width: 1200px) 100vw, 1200px\" \/><\/div>\n","protected":false},"excerpt":{"rendered":"<p>Informujemy, i\u017c w dniach : 24.12.2022 r -( sobota) Wigilia, 31.12.2022 r &#8211; (sobota) Sylwester, 07.01.2023 r &#8211; (sobota) po 06.01.2023r &#8211; \u015awi\u0119cie Trzech Kr\u00f3li. Wszystkie biura handlowe oraz dzia\u0142y produkcji pcw i aluminium s\u0105\u00a0NIECZYNNE. Prosz\u0119 poinformowa\u0107\u00a0Kontrahent\u00f3w, i\u017c ca\u0142a firma jest nieczynna i nie wydajemy okien.<\/p>\n","protected":false},"author":3,"featured_media":7341,"comment_status":"closed","ping_status":"closed","sticky":false,"template":"","format":"standard","meta":{"_acf_changed":false,"inline_featured_image":false,"footnotes":""},"categories":[1],"tags":[],"acf":[],"yoast_head":"<!-- This site is optimized with the Yoast SEO plugin v23.0 - https:\/\/yoast.com\/wordpress\/plugins\/seo\/ -->\n<title>Informujemy, i\u017c w dniach: 24.12.2022 r, 31.12.2022 r... &#171; Framex<\/title>\n<meta name=\"description\" content=\"Okna PCV i Drzwi produkujemy i instalujemy od 26 lat. W ofercie znajdziesz wysokiej klasy okna i drzwi jak i te na ka\u017cd\u0105 kiesze\u0144. Sprawd\u017a nasz\u0105 ofert\u0119.\" \/>\n<meta name=\"robots\" content=\"noindex, follow\" \/>\n<meta property=\"og:locale\" content=\"en_US\" \/>\n<meta property=\"og:type\" content=\"article\" \/>\n<meta property=\"og:title\" content=\"Informujemy, i\u017c w dniach: 24.12.2022 r, 31.12.2022 r... &#171; Framex\" \/>\n<meta property=\"og:description\" content=\"Okna PCV i Drzwi produkujemy i instalujemy od 26 lat. W ofercie znajdziesz wysokiej klasy okna i drzwi jak i te na ka\u017cd\u0105 kiesze\u0144. Sprawd\u017a nasz\u0105 ofert\u0119.\" \/>\n<meta property=\"og:url\" content=\"https:\/\/www.framex.pl\/informujemy-iz-w-dniach-24-12-2022-r-sobota-wigilia-31-12-2022-r-sobota-sylwester\/\" \/>\n<meta property=\"og:site_name\" content=\"Framex\" \/>\n<meta property=\"article:published_time\" content=\"2022-11-22T08:33:10+00:00\" \/>\n<meta property=\"article:modified_time\" content=\"2022-11-22T08:35:14+00:00\" \/>\n<meta property=\"og:image\" content=\"https:\/\/www.framex.pl\/wp-content\/uploads\/2022\/11\/Framex_v1_1200x900-High-Quality-2.jpg\" \/>\n\t<meta property=\"og:image:width\" content=\"1200\" \/>\n\t<meta property=\"og:image:height\" content=\"900\" \/>\n\t<meta property=\"og:image:type\" content=\"image\/jpeg\" \/>\n<meta name=\"author\" content=\"klinika_reklamy\" \/>\n<meta name=\"twitter:card\" content=\"summary_large_image\" \/>\n<meta name=\"twitter:label1\" content=\"Written by\" \/>\n\t<meta name=\"twitter:data1\" content=\"klinika_reklamy\" \/>\n<script type=\"application\/ld+json\" class=\"yoast-schema-graph\">{\"@context\":\"https:\/\/schema.org\",\"@graph\":[{\"@type\":\"Article\",\"@id\":\"https:\/\/www.framex.pl\/informujemy-iz-w-dniach-24-12-2022-r-sobota-wigilia-31-12-2022-r-sobota-sylwester\/#article\",\"isPartOf\":{\"@id\":\"https:\/\/www.framex.pl\/informujemy-iz-w-dniach-24-12-2022-r-sobota-wigilia-31-12-2022-r-sobota-sylwester\/\"},\"author\":{\"name\":\"klinika_reklamy\",\"@id\":\"https:\/\/www.framex.pl\/#\/schema\/person\/41d4863cf3fa6e04d40f603859343ff4\"},\"headline\":\"Informujemy, i\u017c w dniach: 24.12.2022 r, 31.12.2022 r&#8230;\",\"datePublished\":\"2022-11-22T08:33:10+00:00\",\"dateModified\":\"2022-11-22T08:35:14+00:00\",\"mainEntityOfPage\":{\"@id\":\"https:\/\/www.framex.pl\/informujemy-iz-w-dniach-24-12-2022-r-sobota-wigilia-31-12-2022-r-sobota-sylwester\/\"},\"wordCount\":55,\"publisher\":{\"@id\":\"https:\/\/www.framex.pl\/#organization\"},\"image\":{\"@id\":\"https:\/\/www.framex.pl\/informujemy-iz-w-dniach-24-12-2022-r-sobota-wigilia-31-12-2022-r-sobota-sylwester\/#primaryimage\"},\"thumbnailUrl\":\"https:\/\/www.framex.pl\/wp-content\/uploads\/2022\/11\/Framex_v1_1200x900-High-Quality-2.jpg\",\"articleSection\":[\"Bez kategorii\"],\"inLanguage\":\"en-US\"},{\"@type\":\"WebPage\",\"@id\":\"https:\/\/www.framex.pl\/informujemy-iz-w-dniach-24-12-2022-r-sobota-wigilia-31-12-2022-r-sobota-sylwester\/\",\"url\":\"https:\/\/www.framex.pl\/informujemy-iz-w-dniach-24-12-2022-r-sobota-wigilia-31-12-2022-r-sobota-sylwester\/\",\"name\":\"Informujemy, i\u017c w dniach: 24.12.2022 r, 31.12.2022 r... &#171; Framex\",\"isPartOf\":{\"@id\":\"https:\/\/www.framex.pl\/#website\"},\"primaryImageOfPage\":{\"@id\":\"https:\/\/www.framex.pl\/informujemy-iz-w-dniach-24-12-2022-r-sobota-wigilia-31-12-2022-r-sobota-sylwester\/#primaryimage\"},\"image\":{\"@id\":\"https:\/\/www.framex.pl\/informujemy-iz-w-dniach-24-12-2022-r-sobota-wigilia-31-12-2022-r-sobota-sylwester\/#primaryimage\"},\"thumbnailUrl\":\"https:\/\/www.framex.pl\/wp-content\/uploads\/2022\/11\/Framex_v1_1200x900-High-Quality-2.jpg\",\"datePublished\":\"2022-11-22T08:33:10+00:00\",\"dateModified\":\"2022-11-22T08:35:14+00:00\",\"description\":\"Okna PCV i Drzwi produkujemy i instalujemy od 26 lat. W ofercie znajdziesz wysokiej klasy okna i drzwi jak i te na ka\u017cd\u0105 kiesze\u0144. Sprawd\u017a nasz\u0105 ofert\u0119.\",\"breadcrumb\":{\"@id\":\"https:\/\/www.framex.pl\/informujemy-iz-w-dniach-24-12-2022-r-sobota-wigilia-31-12-2022-r-sobota-sylwester\/#breadcrumb\"},\"inLanguage\":\"en-US\",\"potentialAction\":[{\"@type\":\"ReadAction\",\"target\":[\"https:\/\/www.framex.pl\/informujemy-iz-w-dniach-24-12-2022-r-sobota-wigilia-31-12-2022-r-sobota-sylwester\/\"]}]},{\"@type\":\"ImageObject\",\"inLanguage\":\"en-US\",\"@id\":\"https:\/\/www.framex.pl\/informujemy-iz-w-dniach-24-12-2022-r-sobota-wigilia-31-12-2022-r-sobota-sylwester\/#primaryimage\",\"url\":\"https:\/\/www.framex.pl\/wp-content\/uploads\/2022\/11\/Framex_v1_1200x900-High-Quality-2.jpg\",\"contentUrl\":\"https:\/\/www.framex.pl\/wp-content\/uploads\/2022\/11\/Framex_v1_1200x900-High-Quality-2.jpg\",\"width\":1200,\"height\":900},{\"@type\":\"BreadcrumbList\",\"@id\":\"https:\/\/www.framex.pl\/informujemy-iz-w-dniach-24-12-2022-r-sobota-wigilia-31-12-2022-r-sobota-sylwester\/#breadcrumb\",\"itemListElement\":[{\"@type\":\"ListItem\",\"position\":1,\"name\":\"Strona G\u0142\u00f3wna\",\"item\":\"https:\/\/www.framex.pl\/en\/\"},{\"@type\":\"ListItem\",\"position\":2,\"name\":\"Uncategorized\",\"item\":\"https:\/\/www.framex.pl\/en\/category\/uncategorized\/\"},{\"@type\":\"ListItem\",\"position\":3,\"name\":\"Informujemy, i\u017c w dniach: 24.12.2022 r, 31.12.2022 r&#8230;\"}]},{\"@type\":\"WebSite\",\"@id\":\"https:\/\/www.framex.pl\/#website\",\"url\":\"https:\/\/www.framex.pl\/\",\"name\":\"Framex\",\"description\":\"Okna i Drzwi z PCV oraz Aluminium prosto od Producenta - bez po\u015brednik\u00f3w! Zajmujemy si\u0119 produkcj\u0105 i monta\u017cem okien od 26 lat. Jeste\u015bmy liderem w woj. zachodniopomorskim.  W ofercie znajdziesz wysokiej klasy okna PCV PCW z fachow\u0105 us\u0142ug\u0105 monta\u017cu. Sprawd\u017a nasz\u0105 ofert\u0119. Salony sprzeda\u017cy w Szczecinie, Stargardzie i Morzyczynie. Przyjd\u017a i sprawd\u017a.\",\"publisher\":{\"@id\":\"https:\/\/www.framex.pl\/#organization\"},\"inLanguage\":\"en-US\"},{\"@type\":\"Organization\",\"@id\":\"https:\/\/www.framex.pl\/#organization\",\"name\":\"Framex Producent Okien\",\"url\":\"https:\/\/www.framex.pl\/\",\"logo\":{\"@type\":\"ImageObject\",\"inLanguage\":\"en-US\",\"@id\":\"https:\/\/www.framex.pl\/#\/schema\/logo\/image\/\",\"url\":\"https:\/\/www.framex.pl\/wp-content\/uploads\/2026\/01\/Framex-2026-FB-logo-v3.png\",\"contentUrl\":\"https:\/\/www.framex.pl\/wp-content\/uploads\/2026\/01\/Framex-2026-FB-logo-v3.png\",\"width\":1080,\"height\":1080,\"caption\":\"Framex Producent Okien\"},\"image\":{\"@id\":\"https:\/\/www.framex.pl\/#\/schema\/logo\/image\/\"}},{\"@type\":\"Person\",\"@id\":\"https:\/\/www.framex.pl\/#\/schema\/person\/41d4863cf3fa6e04d40f603859343ff4\",\"name\":\"klinika_reklamy\"}]}<\/script>\n<!-- \/ Yoast SEO plugin. -->","yoast_head_json":{"title":"Informujemy, i\u017c w dniach: 24.12.2022 r, 31.12.2022 r... &#171; Framex","description":"Okna PCV i Drzwi produkujemy i instalujemy od 26 lat. W ofercie znajdziesz wysokiej klasy okna i drzwi jak i te na ka\u017cd\u0105 kiesze\u0144. Sprawd\u017a nasz\u0105 ofert\u0119.","robots":{"index":"noindex","follow":"follow"},"og_locale":"en_US","og_type":"article","og_title":"Informujemy, i\u017c w dniach: 24.12.2022 r, 31.12.2022 r... &#171; Framex","og_description":"Okna PCV i Drzwi produkujemy i instalujemy od 26 lat. W ofercie znajdziesz wysokiej klasy okna i drzwi jak i te na ka\u017cd\u0105 kiesze\u0144. Sprawd\u017a nasz\u0105 ofert\u0119.","og_url":"https:\/\/www.framex.pl\/informujemy-iz-w-dniach-24-12-2022-r-sobota-wigilia-31-12-2022-r-sobota-sylwester\/","og_site_name":"Framex","article_published_time":"2022-11-22T08:33:10+00:00","article_modified_time":"2022-11-22T08:35:14+00:00","og_image":[{"width":1200,"height":900,"url":"https:\/\/www.framex.pl\/wp-content\/uploads\/2022\/11\/Framex_v1_1200x900-High-Quality-2.jpg","type":"image\/jpeg"}],"author":"klinika_reklamy","twitter_card":"summary_large_image","twitter_misc":{"Written by":"klinika_reklamy"},"schema":{"@context":"https:\/\/schema.org","@graph":[{"@type":"Article","@id":"https:\/\/www.framex.pl\/informujemy-iz-w-dniach-24-12-2022-r-sobota-wigilia-31-12-2022-r-sobota-sylwester\/#article","isPartOf":{"@id":"https:\/\/www.framex.pl\/informujemy-iz-w-dniach-24-12-2022-r-sobota-wigilia-31-12-2022-r-sobota-sylwester\/"},"author":{"name":"klinika_reklamy","@id":"https:\/\/www.framex.pl\/#\/schema\/person\/41d4863cf3fa6e04d40f603859343ff4"},"headline":"Informujemy, i\u017c w dniach: 24.12.2022 r, 31.12.2022 r&#8230;","datePublished":"2022-11-22T08:33:10+00:00","dateModified":"2022-11-22T08:35:14+00:00","mainEntityOfPage":{"@id":"https:\/\/www.framex.pl\/informujemy-iz-w-dniach-24-12-2022-r-sobota-wigilia-31-12-2022-r-sobota-sylwester\/"},"wordCount":55,"publisher":{"@id":"https:\/\/www.framex.pl\/#organization"},"image":{"@id":"https:\/\/www.framex.pl\/informujemy-iz-w-dniach-24-12-2022-r-sobota-wigilia-31-12-2022-r-sobota-sylwester\/#primaryimage"},"thumbnailUrl":"https:\/\/www.framex.pl\/wp-content\/uploads\/2022\/11\/Framex_v1_1200x900-High-Quality-2.jpg","articleSection":["Bez kategorii"],"inLanguage":"en-US"},{"@type":"WebPage","@id":"https:\/\/www.framex.pl\/informujemy-iz-w-dniach-24-12-2022-r-sobota-wigilia-31-12-2022-r-sobota-sylwester\/","url":"https:\/\/www.framex.pl\/informujemy-iz-w-dniach-24-12-2022-r-sobota-wigilia-31-12-2022-r-sobota-sylwester\/","name":"Informujemy, i\u017c w dniach: 24.12.2022 r, 31.12.2022 r... &#171; Framex","isPartOf":{"@id":"https:\/\/www.framex.pl\/#website"},"primaryImageOfPage":{"@id":"https:\/\/www.framex.pl\/informujemy-iz-w-dniach-24-12-2022-r-sobota-wigilia-31-12-2022-r-sobota-sylwester\/#primaryimage"},"image":{"@id":"https:\/\/www.framex.pl\/informujemy-iz-w-dniach-24-12-2022-r-sobota-wigilia-31-12-2022-r-sobota-sylwester\/#primaryimage"},"thumbnailUrl":"https:\/\/www.framex.pl\/wp-content\/uploads\/2022\/11\/Framex_v1_1200x900-High-Quality-2.jpg","datePublished":"2022-11-22T08:33:10+00:00","dateModified":"2022-11-22T08:35:14+00:00","description":"Okna PCV i Drzwi produkujemy i instalujemy od 26 lat. W ofercie znajdziesz wysokiej klasy okna i drzwi jak i te na ka\u017cd\u0105 kiesze\u0144. Sprawd\u017a nasz\u0105 ofert\u0119.","breadcrumb":{"@id":"https:\/\/www.framex.pl\/informujemy-iz-w-dniach-24-12-2022-r-sobota-wigilia-31-12-2022-r-sobota-sylwester\/#breadcrumb"},"inLanguage":"en-US","potentialAction":[{"@type":"ReadAction","target":["https:\/\/www.framex.pl\/informujemy-iz-w-dniach-24-12-2022-r-sobota-wigilia-31-12-2022-r-sobota-sylwester\/"]}]},{"@type":"ImageObject","inLanguage":"en-US","@id":"https:\/\/www.framex.pl\/informujemy-iz-w-dniach-24-12-2022-r-sobota-wigilia-31-12-2022-r-sobota-sylwester\/#primaryimage","url":"https:\/\/www.framex.pl\/wp-content\/uploads\/2022\/11\/Framex_v1_1200x900-High-Quality-2.jpg","contentUrl":"https:\/\/www.framex.pl\/wp-content\/uploads\/2022\/11\/Framex_v1_1200x900-High-Quality-2.jpg","width":1200,"height":900},{"@type":"BreadcrumbList","@id":"https:\/\/www.framex.pl\/informujemy-iz-w-dniach-24-12-2022-r-sobota-wigilia-31-12-2022-r-sobota-sylwester\/#breadcrumb","itemListElement":[{"@type":"ListItem","position":1,"name":"Strona G\u0142\u00f3wna","item":"https:\/\/www.framex.pl\/en\/"},{"@type":"ListItem","position":2,"name":"Uncategorized","item":"https:\/\/www.framex.pl\/en\/category\/uncategorized\/"},{"@type":"ListItem","position":3,"name":"Informujemy, i\u017c w dniach: 24.12.2022 r, 31.12.2022 r&#8230;"}]},{"@type":"WebSite","@id":"https:\/\/www.framex.pl\/#website","url":"https:\/\/www.framex.pl\/","name":"Framex","description":"Okna i Drzwi z PCV oraz Aluminium prosto od Producenta - bez po\u015brednik\u00f3w! Zajmujemy si\u0119 produkcj\u0105 i monta\u017cem okien od 26 lat. Jeste\u015bmy liderem w woj. zachodniopomorskim.  W ofercie znajdziesz wysokiej klasy okna PCV PCW z fachow\u0105 us\u0142ug\u0105 monta\u017cu. Sprawd\u017a nasz\u0105 ofert\u0119. Salony sprzeda\u017cy w Szczecinie, Stargardzie i Morzyczynie. Przyjd\u017a i sprawd\u017a.","publisher":{"@id":"https:\/\/www.framex.pl\/#organization"},"inLanguage":"en-US"},{"@type":"Organization","@id":"https:\/\/www.framex.pl\/#organization","name":"Framex Producent Okien","url":"https:\/\/www.framex.pl\/","logo":{"@type":"ImageObject","inLanguage":"en-US","@id":"https:\/\/www.framex.pl\/#\/schema\/logo\/image\/","url":"https:\/\/www.framex.pl\/wp-content\/uploads\/2026\/01\/Framex-2026-FB-logo-v3.png","contentUrl":"https:\/\/www.framex.pl\/wp-content\/uploads\/2026\/01\/Framex-2026-FB-logo-v3.png","width":1080,"height":1080,"caption":"Framex Producent Okien"},"image":{"@id":"https:\/\/www.framex.pl\/#\/schema\/logo\/image\/"}},{"@type":"Person","@id":"https:\/\/www.framex.pl\/#\/schema\/person\/41d4863cf3fa6e04d40f603859343ff4","name":"klinika_reklamy"}]}},"_links":{"self":[{"href":"https:\/\/www.framex.pl\/en\/wp-json\/wp\/v2\/posts\/7337"}],"collection":[{"href":"https:\/\/www.framex.pl\/en\/wp-json\/wp\/v2\/posts"}],"about":[{"href":"https:\/\/www.framex.pl\/en\/wp-json\/wp\/v2\/types\/post"}],"author":[{"embeddable":true,"href":"https:\/\/www.framex.pl\/en\/wp-json\/wp\/v2\/users\/3"}],"replies":[{"embeddable":true,"href":"https:\/\/www.framex.pl\/en\/wp-json\/wp\/v2\/comments?post=7337"}],"version-history":[{"count":0,"href":"https:\/\/www.framex.pl\/en\/wp-json\/wp\/v2\/posts\/7337\/revisions"}],"wp:featuredmedia":[{"embeddable":true,"href":"https:\/\/www.framex.pl\/en\/wp-json\/wp\/v2\/media\/7341"}],"wp:attachment":[{"href":"https:\/\/www.framex.pl\/en\/wp-json\/wp\/v2\/media?parent=7337"}],"wp:term":[{"taxonomy":"category","embeddable":true,"href":"https:\/\/www.framex.pl\/en\/wp-json\/wp\/v2\/categories?post=7337"},{"taxonomy":"post_tag","embeddable":true,"href":"https:\/\/www.framex.pl\/en\/wp-json\/wp\/v2\/tags?post=7337"}],"curies":[{"name":"wp","href":"https:\/\/api.w.org\/{rel}","templated":true}]}}