{"id":5581,"date":"2021-06-08T12:42:48","date_gmt":"2021-06-08T10:42:48","guid":{"rendered":"https:\/\/www.framex.pl\/co-sprawia-ze-nowe-okna-perllo-sa-tak-wyjatkowe\/"},"modified":"2021-06-08T12:42:48","modified_gmt":"2021-06-08T10:42:48","slug":"co-sprawia-ze-nowe-okna-perllo-sa-tak-wyjatkowe","status":"publish","type":"post","link":"https:\/\/www.framex.pl\/en\/co-sprawia-ze-nowe-okna-perllo-sa-tak-wyjatkowe\/","title":{"rendered":"Co sprawia, \u017ce nowe okna Perllo s\u0105 tak wyj\u0105tkowe? &#8230;"},"content":{"rendered":"<p>Co sprawia, \u017ce nowe okna Perllo s\u0105 tak wyj\u0105tkowe?? To mi\u0119dzy innymi zastosowanie dodatkowej trzeciej uszczelki?, kt\u00f3ra zapewnia wy\u017csz\u0105 wodoszczelno\u015b\u0107?, izolacj\u0119 termiczn\u0105\u2600\ufe0f oraz akustyczn\u0105.? Gdy dla innych jest to dodatkowo p\u0142atne rozwi\u0105zanie premium, my dajemy Wam to w standardzie.?<br \/>\n<a rel=\"nofollow\" href=\"https:\/\/facebook.com\/story.php?story_fbid=4014630328658632&amp;substory_index=0&amp;id=105360336252337&amp;__tn__=%2As%2As-R\" aria-label=\"Otwarte zdarzenie\" class=\"_5msj\"><\/a>\n<\/p>\n<p> <img decoding=\"async\" src=\"https:\/\/www.framex.pl\/wp-content\/uploads\/2021\/06\/195155312_4014630335325298_4107355186256083273_n.jpg\" width=\"320\" height=\"320\" class=\"_5sgi img _4s0y\" style=\"height: auto\" alt=\"Mo\u017ce by\u0107 zdj\u0119ciem przedstawiaj\u0105cym tekst \u201eI Framex\u201d\"><\/p>\n","protected":false},"excerpt":{"rendered":"<p>Co sprawia, \u017ce nowe okna Perllo s\u0105 tak wyj\u0105tkowe?? To mi\u0119dzy innymi zastosowanie dodatkowej trzeciej uszczelki?, kt\u00f3ra zapewnia wy\u017csz\u0105 wodoszczelno\u015b\u0107?, izolacj\u0119 termiczn\u0105\u2600\ufe0f oraz akustyczn\u0105.? Gdy dla innych jest to dodatkowo p\u0142atne rozwi\u0105zanie premium, my dajemy Wam to w standardzie.?<\/p>\n","protected":false},"author":3,"featured_media":5582,"comment_status":"closed","ping_status":"closed","sticky":false,"template":"","format":"standard","meta":{"_acf_changed":false,"inline_featured_image":false,"footnotes":""},"categories":[1],"tags":[],"acf":[],"yoast_head":"<!-- This site is optimized with the Yoast SEO plugin v23.0 - https:\/\/yoast.com\/wordpress\/plugins\/seo\/ -->\n<title>Co sprawia, \u017ce nowe okna Perllo s\u0105 tak wyj\u0105tkowe? ... &#171; Framex<\/title>\n<meta name=\"description\" content=\"Okna PCV i Drzwi produkujemy i instalujemy od 26 lat. W ofercie znajdziesz wysokiej klasy okna i drzwi jak i te na ka\u017cd\u0105 kiesze\u0144. Sprawd\u017a nasz\u0105 ofert\u0119.\" \/>\n<meta name=\"robots\" content=\"noindex, follow\" \/>\n<meta property=\"og:locale\" content=\"en_US\" \/>\n<meta property=\"og:type\" content=\"article\" \/>\n<meta property=\"og:title\" content=\"Co sprawia, \u017ce nowe okna Perllo s\u0105 tak wyj\u0105tkowe? ... &#171; Framex\" \/>\n<meta property=\"og:description\" content=\"Okna PCV i Drzwi produkujemy i instalujemy od 26 lat. W ofercie znajdziesz wysokiej klasy okna i drzwi jak i te na ka\u017cd\u0105 kiesze\u0144. Sprawd\u017a nasz\u0105 ofert\u0119.\" \/>\n<meta property=\"og:url\" content=\"https:\/\/www.framex.pl\/co-sprawia-ze-nowe-okna-perllo-sa-tak-wyjatkowe\/\" \/>\n<meta property=\"og:site_name\" content=\"Framex\" \/>\n<meta property=\"article:published_time\" content=\"2021-06-08T10:42:48+00:00\" \/>\n<meta property=\"og:image\" content=\"https:\/\/www.framex.pl\/wp-content\/uploads\/2021\/06\/195155312_4014630335325298_4107355186256083273_n.jpg\" \/>\n\t<meta property=\"og:image:width\" content=\"320\" \/>\n\t<meta property=\"og:image:height\" content=\"320\" \/>\n\t<meta property=\"og:image:type\" content=\"image\/jpeg\" \/>\n<meta name=\"author\" content=\"klinika_reklamy\" \/>\n<meta name=\"twitter:card\" content=\"summary_large_image\" \/>\n<meta name=\"twitter:label1\" content=\"Written by\" \/>\n\t<meta name=\"twitter:data1\" content=\"klinika_reklamy\" \/>\n<script type=\"application\/ld+json\" class=\"yoast-schema-graph\">{\"@context\":\"https:\/\/schema.org\",\"@graph\":[{\"@type\":\"Article\",\"@id\":\"https:\/\/www.framex.pl\/co-sprawia-ze-nowe-okna-perllo-sa-tak-wyjatkowe\/#article\",\"isPartOf\":{\"@id\":\"https:\/\/www.framex.pl\/co-sprawia-ze-nowe-okna-perllo-sa-tak-wyjatkowe\/\"},\"author\":{\"name\":\"klinika_reklamy\",\"@id\":\"https:\/\/www.framex.pl\/#\/schema\/person\/41d4863cf3fa6e04d40f603859343ff4\"},\"headline\":\"Co sprawia, \u017ce nowe okna Perllo s\u0105 tak wyj\u0105tkowe? &#8230;\",\"datePublished\":\"2021-06-08T10:42:48+00:00\",\"dateModified\":\"2021-06-08T10:42:48+00:00\",\"mainEntityOfPage\":{\"@id\":\"https:\/\/www.framex.pl\/co-sprawia-ze-nowe-okna-perllo-sa-tak-wyjatkowe\/\"},\"wordCount\":55,\"publisher\":{\"@id\":\"https:\/\/www.framex.pl\/#organization\"},\"image\":{\"@id\":\"https:\/\/www.framex.pl\/co-sprawia-ze-nowe-okna-perllo-sa-tak-wyjatkowe\/#primaryimage\"},\"thumbnailUrl\":\"https:\/\/www.framex.pl\/wp-content\/uploads\/2021\/06\/195155312_4014630335325298_4107355186256083273_n.jpg\",\"articleSection\":[\"Bez kategorii\"],\"inLanguage\":\"en-US\"},{\"@type\":\"WebPage\",\"@id\":\"https:\/\/www.framex.pl\/co-sprawia-ze-nowe-okna-perllo-sa-tak-wyjatkowe\/\",\"url\":\"https:\/\/www.framex.pl\/co-sprawia-ze-nowe-okna-perllo-sa-tak-wyjatkowe\/\",\"name\":\"Co sprawia, \u017ce nowe okna Perllo s\u0105 tak wyj\u0105tkowe? ... &#171; Framex\",\"isPartOf\":{\"@id\":\"https:\/\/www.framex.pl\/#website\"},\"primaryImageOfPage\":{\"@id\":\"https:\/\/www.framex.pl\/co-sprawia-ze-nowe-okna-perllo-sa-tak-wyjatkowe\/#primaryimage\"},\"image\":{\"@id\":\"https:\/\/www.framex.pl\/co-sprawia-ze-nowe-okna-perllo-sa-tak-wyjatkowe\/#primaryimage\"},\"thumbnailUrl\":\"https:\/\/www.framex.pl\/wp-content\/uploads\/2021\/06\/195155312_4014630335325298_4107355186256083273_n.jpg\",\"datePublished\":\"2021-06-08T10:42:48+00:00\",\"dateModified\":\"2021-06-08T10:42:48+00:00\",\"description\":\"Okna PCV i Drzwi produkujemy i instalujemy od 26 lat. W ofercie znajdziesz wysokiej klasy okna i drzwi jak i te na ka\u017cd\u0105 kiesze\u0144. Sprawd\u017a nasz\u0105 ofert\u0119.\",\"breadcrumb\":{\"@id\":\"https:\/\/www.framex.pl\/co-sprawia-ze-nowe-okna-perllo-sa-tak-wyjatkowe\/#breadcrumb\"},\"inLanguage\":\"en-US\",\"potentialAction\":[{\"@type\":\"ReadAction\",\"target\":[\"https:\/\/www.framex.pl\/co-sprawia-ze-nowe-okna-perllo-sa-tak-wyjatkowe\/\"]}]},{\"@type\":\"ImageObject\",\"inLanguage\":\"en-US\",\"@id\":\"https:\/\/www.framex.pl\/co-sprawia-ze-nowe-okna-perllo-sa-tak-wyjatkowe\/#primaryimage\",\"url\":\"https:\/\/www.framex.pl\/wp-content\/uploads\/2021\/06\/195155312_4014630335325298_4107355186256083273_n.jpg\",\"contentUrl\":\"https:\/\/www.framex.pl\/wp-content\/uploads\/2021\/06\/195155312_4014630335325298_4107355186256083273_n.jpg\",\"width\":320,\"height\":320},{\"@type\":\"BreadcrumbList\",\"@id\":\"https:\/\/www.framex.pl\/co-sprawia-ze-nowe-okna-perllo-sa-tak-wyjatkowe\/#breadcrumb\",\"itemListElement\":[{\"@type\":\"ListItem\",\"position\":1,\"name\":\"Strona G\u0142\u00f3wna\",\"item\":\"https:\/\/www.framex.pl\/en\/\"},{\"@type\":\"ListItem\",\"position\":2,\"name\":\"Uncategorized\",\"item\":\"https:\/\/www.framex.pl\/en\/category\/uncategorized\/\"},{\"@type\":\"ListItem\",\"position\":3,\"name\":\"Co sprawia, \u017ce nowe okna Perllo s\u0105 tak wyj\u0105tkowe? &#8230;\"}]},{\"@type\":\"WebSite\",\"@id\":\"https:\/\/www.framex.pl\/#website\",\"url\":\"https:\/\/www.framex.pl\/\",\"name\":\"Framex\",\"description\":\"Okna i Drzwi z PCV oraz Aluminium prosto od Producenta - bez po\u015brednik\u00f3w! Zajmujemy si\u0119 produkcj\u0105 i monta\u017cem okien od 26 lat. Jeste\u015bmy liderem w woj. zachodniopomorskim.  W ofercie znajdziesz wysokiej klasy okna PCV PCW z fachow\u0105 us\u0142ug\u0105 monta\u017cu. Sprawd\u017a nasz\u0105 ofert\u0119. Salony sprzeda\u017cy w Szczecinie, Stargardzie i Morzyczynie. Przyjd\u017a i sprawd\u017a.\",\"publisher\":{\"@id\":\"https:\/\/www.framex.pl\/#organization\"},\"inLanguage\":\"en-US\"},{\"@type\":\"Organization\",\"@id\":\"https:\/\/www.framex.pl\/#organization\",\"name\":\"Framex Producent Okien\",\"url\":\"https:\/\/www.framex.pl\/\",\"logo\":{\"@type\":\"ImageObject\",\"inLanguage\":\"en-US\",\"@id\":\"https:\/\/www.framex.pl\/#\/schema\/logo\/image\/\",\"url\":\"https:\/\/www.framex.pl\/wp-content\/uploads\/2026\/01\/Framex-2026-FB-logo-v3.png\",\"contentUrl\":\"https:\/\/www.framex.pl\/wp-content\/uploads\/2026\/01\/Framex-2026-FB-logo-v3.png\",\"width\":1080,\"height\":1080,\"caption\":\"Framex Producent Okien\"},\"image\":{\"@id\":\"https:\/\/www.framex.pl\/#\/schema\/logo\/image\/\"}},{\"@type\":\"Person\",\"@id\":\"https:\/\/www.framex.pl\/#\/schema\/person\/41d4863cf3fa6e04d40f603859343ff4\",\"name\":\"klinika_reklamy\"}]}<\/script>\n<!-- \/ Yoast SEO plugin. -->","yoast_head_json":{"title":"Co sprawia, \u017ce nowe okna Perllo s\u0105 tak wyj\u0105tkowe? ... &#171; Framex","description":"Okna PCV i Drzwi produkujemy i instalujemy od 26 lat. W ofercie znajdziesz wysokiej klasy okna i drzwi jak i te na ka\u017cd\u0105 kiesze\u0144. Sprawd\u017a nasz\u0105 ofert\u0119.","robots":{"index":"noindex","follow":"follow"},"og_locale":"en_US","og_type":"article","og_title":"Co sprawia, \u017ce nowe okna Perllo s\u0105 tak wyj\u0105tkowe? ... &#171; Framex","og_description":"Okna PCV i Drzwi produkujemy i instalujemy od 26 lat. W ofercie znajdziesz wysokiej klasy okna i drzwi jak i te na ka\u017cd\u0105 kiesze\u0144. Sprawd\u017a nasz\u0105 ofert\u0119.","og_url":"https:\/\/www.framex.pl\/co-sprawia-ze-nowe-okna-perllo-sa-tak-wyjatkowe\/","og_site_name":"Framex","article_published_time":"2021-06-08T10:42:48+00:00","og_image":[{"width":320,"height":320,"url":"https:\/\/www.framex.pl\/wp-content\/uploads\/2021\/06\/195155312_4014630335325298_4107355186256083273_n.jpg","type":"image\/jpeg"}],"author":"klinika_reklamy","twitter_card":"summary_large_image","twitter_misc":{"Written by":"klinika_reklamy"},"schema":{"@context":"https:\/\/schema.org","@graph":[{"@type":"Article","@id":"https:\/\/www.framex.pl\/co-sprawia-ze-nowe-okna-perllo-sa-tak-wyjatkowe\/#article","isPartOf":{"@id":"https:\/\/www.framex.pl\/co-sprawia-ze-nowe-okna-perllo-sa-tak-wyjatkowe\/"},"author":{"name":"klinika_reklamy","@id":"https:\/\/www.framex.pl\/#\/schema\/person\/41d4863cf3fa6e04d40f603859343ff4"},"headline":"Co sprawia, \u017ce nowe okna Perllo s\u0105 tak wyj\u0105tkowe? &#8230;","datePublished":"2021-06-08T10:42:48+00:00","dateModified":"2021-06-08T10:42:48+00:00","mainEntityOfPage":{"@id":"https:\/\/www.framex.pl\/co-sprawia-ze-nowe-okna-perllo-sa-tak-wyjatkowe\/"},"wordCount":55,"publisher":{"@id":"https:\/\/www.framex.pl\/#organization"},"image":{"@id":"https:\/\/www.framex.pl\/co-sprawia-ze-nowe-okna-perllo-sa-tak-wyjatkowe\/#primaryimage"},"thumbnailUrl":"https:\/\/www.framex.pl\/wp-content\/uploads\/2021\/06\/195155312_4014630335325298_4107355186256083273_n.jpg","articleSection":["Bez kategorii"],"inLanguage":"en-US"},{"@type":"WebPage","@id":"https:\/\/www.framex.pl\/co-sprawia-ze-nowe-okna-perllo-sa-tak-wyjatkowe\/","url":"https:\/\/www.framex.pl\/co-sprawia-ze-nowe-okna-perllo-sa-tak-wyjatkowe\/","name":"Co sprawia, \u017ce nowe okna Perllo s\u0105 tak wyj\u0105tkowe? ... &#171; Framex","isPartOf":{"@id":"https:\/\/www.framex.pl\/#website"},"primaryImageOfPage":{"@id":"https:\/\/www.framex.pl\/co-sprawia-ze-nowe-okna-perllo-sa-tak-wyjatkowe\/#primaryimage"},"image":{"@id":"https:\/\/www.framex.pl\/co-sprawia-ze-nowe-okna-perllo-sa-tak-wyjatkowe\/#primaryimage"},"thumbnailUrl":"https:\/\/www.framex.pl\/wp-content\/uploads\/2021\/06\/195155312_4014630335325298_4107355186256083273_n.jpg","datePublished":"2021-06-08T10:42:48+00:00","dateModified":"2021-06-08T10:42:48+00:00","description":"Okna PCV i Drzwi produkujemy i instalujemy od 26 lat. W ofercie znajdziesz wysokiej klasy okna i drzwi jak i te na ka\u017cd\u0105 kiesze\u0144. Sprawd\u017a nasz\u0105 ofert\u0119.","breadcrumb":{"@id":"https:\/\/www.framex.pl\/co-sprawia-ze-nowe-okna-perllo-sa-tak-wyjatkowe\/#breadcrumb"},"inLanguage":"en-US","potentialAction":[{"@type":"ReadAction","target":["https:\/\/www.framex.pl\/co-sprawia-ze-nowe-okna-perllo-sa-tak-wyjatkowe\/"]}]},{"@type":"ImageObject","inLanguage":"en-US","@id":"https:\/\/www.framex.pl\/co-sprawia-ze-nowe-okna-perllo-sa-tak-wyjatkowe\/#primaryimage","url":"https:\/\/www.framex.pl\/wp-content\/uploads\/2021\/06\/195155312_4014630335325298_4107355186256083273_n.jpg","contentUrl":"https:\/\/www.framex.pl\/wp-content\/uploads\/2021\/06\/195155312_4014630335325298_4107355186256083273_n.jpg","width":320,"height":320},{"@type":"BreadcrumbList","@id":"https:\/\/www.framex.pl\/co-sprawia-ze-nowe-okna-perllo-sa-tak-wyjatkowe\/#breadcrumb","itemListElement":[{"@type":"ListItem","position":1,"name":"Strona G\u0142\u00f3wna","item":"https:\/\/www.framex.pl\/en\/"},{"@type":"ListItem","position":2,"name":"Uncategorized","item":"https:\/\/www.framex.pl\/en\/category\/uncategorized\/"},{"@type":"ListItem","position":3,"name":"Co sprawia, \u017ce nowe okna Perllo s\u0105 tak wyj\u0105tkowe? &#8230;"}]},{"@type":"WebSite","@id":"https:\/\/www.framex.pl\/#website","url":"https:\/\/www.framex.pl\/","name":"Framex","description":"Okna i Drzwi z PCV oraz Aluminium prosto od Producenta - bez po\u015brednik\u00f3w! Zajmujemy si\u0119 produkcj\u0105 i monta\u017cem okien od 26 lat. Jeste\u015bmy liderem w woj. zachodniopomorskim.  W ofercie znajdziesz wysokiej klasy okna PCV PCW z fachow\u0105 us\u0142ug\u0105 monta\u017cu. Sprawd\u017a nasz\u0105 ofert\u0119. Salony sprzeda\u017cy w Szczecinie, Stargardzie i Morzyczynie. Przyjd\u017a i sprawd\u017a.","publisher":{"@id":"https:\/\/www.framex.pl\/#organization"},"inLanguage":"en-US"},{"@type":"Organization","@id":"https:\/\/www.framex.pl\/#organization","name":"Framex Producent Okien","url":"https:\/\/www.framex.pl\/","logo":{"@type":"ImageObject","inLanguage":"en-US","@id":"https:\/\/www.framex.pl\/#\/schema\/logo\/image\/","url":"https:\/\/www.framex.pl\/wp-content\/uploads\/2026\/01\/Framex-2026-FB-logo-v3.png","contentUrl":"https:\/\/www.framex.pl\/wp-content\/uploads\/2026\/01\/Framex-2026-FB-logo-v3.png","width":1080,"height":1080,"caption":"Framex Producent Okien"},"image":{"@id":"https:\/\/www.framex.pl\/#\/schema\/logo\/image\/"}},{"@type":"Person","@id":"https:\/\/www.framex.pl\/#\/schema\/person\/41d4863cf3fa6e04d40f603859343ff4","name":"klinika_reklamy"}]}},"_links":{"self":[{"href":"https:\/\/www.framex.pl\/en\/wp-json\/wp\/v2\/posts\/5581"}],"collection":[{"href":"https:\/\/www.framex.pl\/en\/wp-json\/wp\/v2\/posts"}],"about":[{"href":"https:\/\/www.framex.pl\/en\/wp-json\/wp\/v2\/types\/post"}],"author":[{"embeddable":true,"href":"https:\/\/www.framex.pl\/en\/wp-json\/wp\/v2\/users\/3"}],"replies":[{"embeddable":true,"href":"https:\/\/www.framex.pl\/en\/wp-json\/wp\/v2\/comments?post=5581"}],"version-history":[{"count":0,"href":"https:\/\/www.framex.pl\/en\/wp-json\/wp\/v2\/posts\/5581\/revisions"}],"wp:featuredmedia":[{"embeddable":true,"href":"https:\/\/www.framex.pl\/en\/wp-json\/wp\/v2\/media\/5582"}],"wp:attachment":[{"href":"https:\/\/www.framex.pl\/en\/wp-json\/wp\/v2\/media?parent=5581"}],"wp:term":[{"taxonomy":"category","embeddable":true,"href":"https:\/\/www.framex.pl\/en\/wp-json\/wp\/v2\/categories?post=5581"},{"taxonomy":"post_tag","embeddable":true,"href":"https:\/\/www.framex.pl\/en\/wp-json\/wp\/v2\/tags?post=5581"}],"curies":[{"name":"wp","href":"https:\/\/api.w.org\/{rel}","templated":true}]}}