{"id":5314,"date":"2021-04-03T11:00:35","date_gmt":"2021-04-03T09:00:35","guid":{"rendered":"https:\/\/framex.pl\/przy-takiej-puli-kolorow-wybor-tego-najlepszego\/"},"modified":"2021-04-03T11:00:35","modified_gmt":"2021-04-03T09:00:35","slug":"przy-takiej-puli-kolorow-wybor-tego-najlepszego","status":"publish","type":"post","link":"https:\/\/www.framex.pl\/en\/przy-takiej-puli-kolorow-wybor-tego-najlepszego\/","title":{"rendered":"Przy takiej puli kolor\u00f3w wyb\u00f3r tego najlepszego &#8230;"},"content":{"rendered":"<p>Przy takiej puli kolor\u00f3w wyb\u00f3r tego najlepszego jest powa\u017cnym wyzwaniem?<br \/>\n W\u015br\u00f3d oferowanych przez Framex kolor\u00f3w ka\u017cdy znajdzie co\u015b dla siebie? Dla mi\u0142o\u015bnik\u00f3w natury mamy przygotowane kolory imituj\u0105ce znane i lubiane gatunki drewna? oraz podstawowe kolory RAL \u015bwietnie pasuj\u0105ce do nowoczesnych wn\u0119trz??<\/p>\n<p><a rel=\"nofollow\" href=\"https:\/\/facebook.com\/story.php?story_fbid=3819867221468278&amp;substory_index=0&amp;id=105360336252337&amp;__tn__=%2As%2As-R\" aria-label=\"Otwarte zdarzenie\" class=\"_5msj\"><\/a><\/p>\n<p><a rel=\"nofollow\" href=\"https:\/\/framex.pl\/wp-content\/uploads\/2021\/04\/168342375_3819867224801611_8010340362863033871_n.jpg\"><img decoding=\"async\" class=\"wp_automatic_fb_img\" title=\"\" src=\"https:\/\/framex.pl\/wp-content\/uploads\/2021\/04\/168342375_3819867224801611_8010340362863033871_n.jpg\" \/><\/a><\/p>\n","protected":false},"excerpt":{"rendered":"<p>Przy takiej puli kolor\u00f3w wyb\u00f3r tego najlepszego jest powa\u017cnym wyzwaniem? W\u015br\u00f3d oferowanych przez Framex kolor\u00f3w ka\u017cdy znajdzie co\u015b dla siebie? Dla mi\u0142o\u015bnik\u00f3w natury mamy przygotowane kolory imituj\u0105ce znane i lubiane gatunki drewna? oraz podstawowe kolory RAL \u015bwietnie pasuj\u0105ce do nowoczesnych wn\u0119trz??<\/p>\n","protected":false},"author":3,"featured_media":5315,"comment_status":"closed","ping_status":"closed","sticky":false,"template":"","format":"standard","meta":{"_acf_changed":false,"inline_featured_image":false,"footnotes":""},"categories":[1],"tags":[],"acf":[],"yoast_head":"<!-- This site is optimized with the Yoast SEO plugin v23.0 - https:\/\/yoast.com\/wordpress\/plugins\/seo\/ -->\n<title>Przy takiej puli kolor\u00f3w wyb\u00f3r tego najlepszego ... &#171; Framex<\/title>\n<meta name=\"description\" content=\"Okna PCV i Drzwi produkujemy i instalujemy od 26 lat. W ofercie znajdziesz wysokiej klasy okna i drzwi jak i te na ka\u017cd\u0105 kiesze\u0144. Sprawd\u017a nasz\u0105 ofert\u0119.\" \/>\n<meta name=\"robots\" content=\"noindex, follow\" \/>\n<meta property=\"og:locale\" content=\"en_US\" \/>\n<meta property=\"og:type\" content=\"article\" \/>\n<meta property=\"og:title\" content=\"Przy takiej puli kolor\u00f3w wyb\u00f3r tego najlepszego ... &#171; Framex\" \/>\n<meta property=\"og:description\" content=\"Okna PCV i Drzwi produkujemy i instalujemy od 26 lat. W ofercie znajdziesz wysokiej klasy okna i drzwi jak i te na ka\u017cd\u0105 kiesze\u0144. Sprawd\u017a nasz\u0105 ofert\u0119.\" \/>\n<meta property=\"og:url\" content=\"https:\/\/www.framex.pl\/przy-takiej-puli-kolorow-wybor-tego-najlepszego\/\" \/>\n<meta property=\"og:site_name\" content=\"Framex\" \/>\n<meta property=\"article:published_time\" content=\"2021-04-03T09:00:35+00:00\" \/>\n<meta property=\"og:image\" content=\"https:\/\/www.framex.pl\/wp-content\/uploads\/2021\/04\/168342375_3819867224801611_8010340362863033871_n.jpg\" \/>\n\t<meta property=\"og:image:width\" content=\"508\" \/>\n\t<meta property=\"og:image:height\" content=\"720\" \/>\n\t<meta property=\"og:image:type\" content=\"image\/jpeg\" \/>\n<meta name=\"author\" content=\"klinika_reklamy\" \/>\n<meta name=\"twitter:card\" content=\"summary_large_image\" \/>\n<meta name=\"twitter:label1\" content=\"Written by\" \/>\n\t<meta name=\"twitter:data1\" content=\"klinika_reklamy\" \/>\n<script type=\"application\/ld+json\" class=\"yoast-schema-graph\">{\"@context\":\"https:\/\/schema.org\",\"@graph\":[{\"@type\":\"Article\",\"@id\":\"https:\/\/www.framex.pl\/przy-takiej-puli-kolorow-wybor-tego-najlepszego\/#article\",\"isPartOf\":{\"@id\":\"https:\/\/www.framex.pl\/przy-takiej-puli-kolorow-wybor-tego-najlepszego\/\"},\"author\":{\"name\":\"klinika_reklamy\",\"@id\":\"https:\/\/www.framex.pl\/#\/schema\/person\/41d4863cf3fa6e04d40f603859343ff4\"},\"headline\":\"Przy takiej puli kolor\u00f3w wyb\u00f3r tego najlepszego &#8230;\",\"datePublished\":\"2021-04-03T09:00:35+00:00\",\"dateModified\":\"2021-04-03T09:00:35+00:00\",\"mainEntityOfPage\":{\"@id\":\"https:\/\/www.framex.pl\/przy-takiej-puli-kolorow-wybor-tego-najlepszego\/\"},\"wordCount\":63,\"publisher\":{\"@id\":\"https:\/\/www.framex.pl\/#organization\"},\"image\":{\"@id\":\"https:\/\/www.framex.pl\/przy-takiej-puli-kolorow-wybor-tego-najlepszego\/#primaryimage\"},\"thumbnailUrl\":\"https:\/\/www.framex.pl\/wp-content\/uploads\/2021\/04\/168342375_3819867224801611_8010340362863033871_n.jpg\",\"articleSection\":[\"Bez kategorii\"],\"inLanguage\":\"en-US\"},{\"@type\":\"WebPage\",\"@id\":\"https:\/\/www.framex.pl\/przy-takiej-puli-kolorow-wybor-tego-najlepszego\/\",\"url\":\"https:\/\/www.framex.pl\/przy-takiej-puli-kolorow-wybor-tego-najlepszego\/\",\"name\":\"Przy takiej puli kolor\u00f3w wyb\u00f3r tego najlepszego ... &#171; Framex\",\"isPartOf\":{\"@id\":\"https:\/\/www.framex.pl\/#website\"},\"primaryImageOfPage\":{\"@id\":\"https:\/\/www.framex.pl\/przy-takiej-puli-kolorow-wybor-tego-najlepszego\/#primaryimage\"},\"image\":{\"@id\":\"https:\/\/www.framex.pl\/przy-takiej-puli-kolorow-wybor-tego-najlepszego\/#primaryimage\"},\"thumbnailUrl\":\"https:\/\/www.framex.pl\/wp-content\/uploads\/2021\/04\/168342375_3819867224801611_8010340362863033871_n.jpg\",\"datePublished\":\"2021-04-03T09:00:35+00:00\",\"dateModified\":\"2021-04-03T09:00:35+00:00\",\"description\":\"Okna PCV i Drzwi produkujemy i instalujemy od 26 lat. W ofercie znajdziesz wysokiej klasy okna i drzwi jak i te na ka\u017cd\u0105 kiesze\u0144. Sprawd\u017a nasz\u0105 ofert\u0119.\",\"breadcrumb\":{\"@id\":\"https:\/\/www.framex.pl\/przy-takiej-puli-kolorow-wybor-tego-najlepszego\/#breadcrumb\"},\"inLanguage\":\"en-US\",\"potentialAction\":[{\"@type\":\"ReadAction\",\"target\":[\"https:\/\/www.framex.pl\/przy-takiej-puli-kolorow-wybor-tego-najlepszego\/\"]}]},{\"@type\":\"ImageObject\",\"inLanguage\":\"en-US\",\"@id\":\"https:\/\/www.framex.pl\/przy-takiej-puli-kolorow-wybor-tego-najlepszego\/#primaryimage\",\"url\":\"https:\/\/www.framex.pl\/wp-content\/uploads\/2021\/04\/168342375_3819867224801611_8010340362863033871_n.jpg\",\"contentUrl\":\"https:\/\/www.framex.pl\/wp-content\/uploads\/2021\/04\/168342375_3819867224801611_8010340362863033871_n.jpg\",\"width\":508,\"height\":720},{\"@type\":\"BreadcrumbList\",\"@id\":\"https:\/\/www.framex.pl\/przy-takiej-puli-kolorow-wybor-tego-najlepszego\/#breadcrumb\",\"itemListElement\":[{\"@type\":\"ListItem\",\"position\":1,\"name\":\"Strona G\u0142\u00f3wna\",\"item\":\"https:\/\/www.framex.pl\/en\/\"},{\"@type\":\"ListItem\",\"position\":2,\"name\":\"Uncategorized\",\"item\":\"https:\/\/www.framex.pl\/en\/category\/uncategorized\/\"},{\"@type\":\"ListItem\",\"position\":3,\"name\":\"Przy takiej puli kolor\u00f3w wyb\u00f3r tego najlepszego &#8230;\"}]},{\"@type\":\"WebSite\",\"@id\":\"https:\/\/www.framex.pl\/#website\",\"url\":\"https:\/\/www.framex.pl\/\",\"name\":\"Framex\",\"description\":\"Okna i Drzwi z PCV oraz Aluminium prosto od Producenta - bez po\u015brednik\u00f3w! Zajmujemy si\u0119 produkcj\u0105 i monta\u017cem okien od 26 lat. Jeste\u015bmy liderem w woj. zachodniopomorskim.  W ofercie znajdziesz wysokiej klasy okna PCV PCW z fachow\u0105 us\u0142ug\u0105 monta\u017cu. Sprawd\u017a nasz\u0105 ofert\u0119. Salony sprzeda\u017cy w Szczecinie, Stargardzie i Morzyczynie. Przyjd\u017a i sprawd\u017a.\",\"publisher\":{\"@id\":\"https:\/\/www.framex.pl\/#organization\"},\"inLanguage\":\"en-US\"},{\"@type\":\"Organization\",\"@id\":\"https:\/\/www.framex.pl\/#organization\",\"name\":\"Framex Producent Okien\",\"url\":\"https:\/\/www.framex.pl\/\",\"logo\":{\"@type\":\"ImageObject\",\"inLanguage\":\"en-US\",\"@id\":\"https:\/\/www.framex.pl\/#\/schema\/logo\/image\/\",\"url\":\"https:\/\/www.framex.pl\/wp-content\/uploads\/2026\/01\/Framex-2026-FB-logo-v3.png\",\"contentUrl\":\"https:\/\/www.framex.pl\/wp-content\/uploads\/2026\/01\/Framex-2026-FB-logo-v3.png\",\"width\":1080,\"height\":1080,\"caption\":\"Framex Producent Okien\"},\"image\":{\"@id\":\"https:\/\/www.framex.pl\/#\/schema\/logo\/image\/\"}},{\"@type\":\"Person\",\"@id\":\"https:\/\/www.framex.pl\/#\/schema\/person\/41d4863cf3fa6e04d40f603859343ff4\",\"name\":\"klinika_reklamy\"}]}<\/script>\n<!-- \/ Yoast SEO plugin. -->","yoast_head_json":{"title":"Przy takiej puli kolor\u00f3w wyb\u00f3r tego najlepszego ... &#171; Framex","description":"Okna PCV i Drzwi produkujemy i instalujemy od 26 lat. W ofercie znajdziesz wysokiej klasy okna i drzwi jak i te na ka\u017cd\u0105 kiesze\u0144. Sprawd\u017a nasz\u0105 ofert\u0119.","robots":{"index":"noindex","follow":"follow"},"og_locale":"en_US","og_type":"article","og_title":"Przy takiej puli kolor\u00f3w wyb\u00f3r tego najlepszego ... &#171; Framex","og_description":"Okna PCV i Drzwi produkujemy i instalujemy od 26 lat. W ofercie znajdziesz wysokiej klasy okna i drzwi jak i te na ka\u017cd\u0105 kiesze\u0144. Sprawd\u017a nasz\u0105 ofert\u0119.","og_url":"https:\/\/www.framex.pl\/przy-takiej-puli-kolorow-wybor-tego-najlepszego\/","og_site_name":"Framex","article_published_time":"2021-04-03T09:00:35+00:00","og_image":[{"width":508,"height":720,"url":"https:\/\/www.framex.pl\/wp-content\/uploads\/2021\/04\/168342375_3819867224801611_8010340362863033871_n.jpg","type":"image\/jpeg"}],"author":"klinika_reklamy","twitter_card":"summary_large_image","twitter_misc":{"Written by":"klinika_reklamy"},"schema":{"@context":"https:\/\/schema.org","@graph":[{"@type":"Article","@id":"https:\/\/www.framex.pl\/przy-takiej-puli-kolorow-wybor-tego-najlepszego\/#article","isPartOf":{"@id":"https:\/\/www.framex.pl\/przy-takiej-puli-kolorow-wybor-tego-najlepszego\/"},"author":{"name":"klinika_reklamy","@id":"https:\/\/www.framex.pl\/#\/schema\/person\/41d4863cf3fa6e04d40f603859343ff4"},"headline":"Przy takiej puli kolor\u00f3w wyb\u00f3r tego najlepszego &#8230;","datePublished":"2021-04-03T09:00:35+00:00","dateModified":"2021-04-03T09:00:35+00:00","mainEntityOfPage":{"@id":"https:\/\/www.framex.pl\/przy-takiej-puli-kolorow-wybor-tego-najlepszego\/"},"wordCount":63,"publisher":{"@id":"https:\/\/www.framex.pl\/#organization"},"image":{"@id":"https:\/\/www.framex.pl\/przy-takiej-puli-kolorow-wybor-tego-najlepszego\/#primaryimage"},"thumbnailUrl":"https:\/\/www.framex.pl\/wp-content\/uploads\/2021\/04\/168342375_3819867224801611_8010340362863033871_n.jpg","articleSection":["Bez kategorii"],"inLanguage":"en-US"},{"@type":"WebPage","@id":"https:\/\/www.framex.pl\/przy-takiej-puli-kolorow-wybor-tego-najlepszego\/","url":"https:\/\/www.framex.pl\/przy-takiej-puli-kolorow-wybor-tego-najlepszego\/","name":"Przy takiej puli kolor\u00f3w wyb\u00f3r tego najlepszego ... &#171; Framex","isPartOf":{"@id":"https:\/\/www.framex.pl\/#website"},"primaryImageOfPage":{"@id":"https:\/\/www.framex.pl\/przy-takiej-puli-kolorow-wybor-tego-najlepszego\/#primaryimage"},"image":{"@id":"https:\/\/www.framex.pl\/przy-takiej-puli-kolorow-wybor-tego-najlepszego\/#primaryimage"},"thumbnailUrl":"https:\/\/www.framex.pl\/wp-content\/uploads\/2021\/04\/168342375_3819867224801611_8010340362863033871_n.jpg","datePublished":"2021-04-03T09:00:35+00:00","dateModified":"2021-04-03T09:00:35+00:00","description":"Okna PCV i Drzwi produkujemy i instalujemy od 26 lat. W ofercie znajdziesz wysokiej klasy okna i drzwi jak i te na ka\u017cd\u0105 kiesze\u0144. Sprawd\u017a nasz\u0105 ofert\u0119.","breadcrumb":{"@id":"https:\/\/www.framex.pl\/przy-takiej-puli-kolorow-wybor-tego-najlepszego\/#breadcrumb"},"inLanguage":"en-US","potentialAction":[{"@type":"ReadAction","target":["https:\/\/www.framex.pl\/przy-takiej-puli-kolorow-wybor-tego-najlepszego\/"]}]},{"@type":"ImageObject","inLanguage":"en-US","@id":"https:\/\/www.framex.pl\/przy-takiej-puli-kolorow-wybor-tego-najlepszego\/#primaryimage","url":"https:\/\/www.framex.pl\/wp-content\/uploads\/2021\/04\/168342375_3819867224801611_8010340362863033871_n.jpg","contentUrl":"https:\/\/www.framex.pl\/wp-content\/uploads\/2021\/04\/168342375_3819867224801611_8010340362863033871_n.jpg","width":508,"height":720},{"@type":"BreadcrumbList","@id":"https:\/\/www.framex.pl\/przy-takiej-puli-kolorow-wybor-tego-najlepszego\/#breadcrumb","itemListElement":[{"@type":"ListItem","position":1,"name":"Strona G\u0142\u00f3wna","item":"https:\/\/www.framex.pl\/en\/"},{"@type":"ListItem","position":2,"name":"Uncategorized","item":"https:\/\/www.framex.pl\/en\/category\/uncategorized\/"},{"@type":"ListItem","position":3,"name":"Przy takiej puli kolor\u00f3w wyb\u00f3r tego najlepszego &#8230;"}]},{"@type":"WebSite","@id":"https:\/\/www.framex.pl\/#website","url":"https:\/\/www.framex.pl\/","name":"Framex","description":"Okna i Drzwi z PCV oraz Aluminium prosto od Producenta - bez po\u015brednik\u00f3w! Zajmujemy si\u0119 produkcj\u0105 i monta\u017cem okien od 26 lat. Jeste\u015bmy liderem w woj. zachodniopomorskim.  W ofercie znajdziesz wysokiej klasy okna PCV PCW z fachow\u0105 us\u0142ug\u0105 monta\u017cu. Sprawd\u017a nasz\u0105 ofert\u0119. Salony sprzeda\u017cy w Szczecinie, Stargardzie i Morzyczynie. Przyjd\u017a i sprawd\u017a.","publisher":{"@id":"https:\/\/www.framex.pl\/#organization"},"inLanguage":"en-US"},{"@type":"Organization","@id":"https:\/\/www.framex.pl\/#organization","name":"Framex Producent Okien","url":"https:\/\/www.framex.pl\/","logo":{"@type":"ImageObject","inLanguage":"en-US","@id":"https:\/\/www.framex.pl\/#\/schema\/logo\/image\/","url":"https:\/\/www.framex.pl\/wp-content\/uploads\/2026\/01\/Framex-2026-FB-logo-v3.png","contentUrl":"https:\/\/www.framex.pl\/wp-content\/uploads\/2026\/01\/Framex-2026-FB-logo-v3.png","width":1080,"height":1080,"caption":"Framex Producent Okien"},"image":{"@id":"https:\/\/www.framex.pl\/#\/schema\/logo\/image\/"}},{"@type":"Person","@id":"https:\/\/www.framex.pl\/#\/schema\/person\/41d4863cf3fa6e04d40f603859343ff4","name":"klinika_reklamy"}]}},"_links":{"self":[{"href":"https:\/\/www.framex.pl\/en\/wp-json\/wp\/v2\/posts\/5314"}],"collection":[{"href":"https:\/\/www.framex.pl\/en\/wp-json\/wp\/v2\/posts"}],"about":[{"href":"https:\/\/www.framex.pl\/en\/wp-json\/wp\/v2\/types\/post"}],"author":[{"embeddable":true,"href":"https:\/\/www.framex.pl\/en\/wp-json\/wp\/v2\/users\/3"}],"replies":[{"embeddable":true,"href":"https:\/\/www.framex.pl\/en\/wp-json\/wp\/v2\/comments?post=5314"}],"version-history":[{"count":0,"href":"https:\/\/www.framex.pl\/en\/wp-json\/wp\/v2\/posts\/5314\/revisions"}],"wp:featuredmedia":[{"embeddable":true,"href":"https:\/\/www.framex.pl\/en\/wp-json\/wp\/v2\/media\/5315"}],"wp:attachment":[{"href":"https:\/\/www.framex.pl\/en\/wp-json\/wp\/v2\/media?parent=5314"}],"wp:term":[{"taxonomy":"category","embeddable":true,"href":"https:\/\/www.framex.pl\/en\/wp-json\/wp\/v2\/categories?post=5314"},{"taxonomy":"post_tag","embeddable":true,"href":"https:\/\/www.framex.pl\/en\/wp-json\/wp\/v2\/tags?post=5314"}],"curies":[{"name":"wp","href":"https:\/\/api.w.org\/{rel}","templated":true}]}}