{"id":5197,"date":"2021-02-26T13:00:54","date_gmt":"2021-02-26T12:00:54","guid":{"rendered":"https:\/\/framex.pl\/pora-na-6-ciekawostke-z-naszej-historii-2001-r\/"},"modified":"2021-02-26T13:00:54","modified_gmt":"2021-02-26T12:00:54","slug":"pora-na-6-ciekawostke-z-naszej-historii-2001-r","status":"publish","type":"post","link":"https:\/\/www.framex.pl\/en\/pora-na-6-ciekawostke-z-naszej-historii-2001-r\/","title":{"rendered":"Pora na 6 ciekawostk\u0119 z naszej historii \n 2001 r&#8230;"},"content":{"rendered":"<p>Pora na 6 ciekawostk\u0119 z naszej historii ?<br \/>\n 2001 rok przyni\u00f3s\u0142 nam now\u0105 warto\u015bciow\u0105 wsp\u00f3\u0142prac\u0119 i jeszcze lepsz\u0105 jako\u015b\u0107?<br \/>\n Dzi\u0119ki wsp\u00f3\u0142pracy z WinkHaus jako pierwsi? w Polsce rozpocz\u0119li\u015bmy produkcj\u0119 okien na okuciach nowej, wy\u017cszej jako\u015bci.?<\/p>\n<p><a rel=\"nofollow\" href=\"https:\/\/facebook.com\/story.php?story_fbid=3717997431655258&amp;substory_index=0&amp;id=105360336252337&amp;__tn__=%2As%2As-R\" aria-label=\"Otwarte zdarzenie\" class=\"_5msj\"><\/a><\/p>\n<p><a rel=\"nofollow\" href=\"https:\/\/framex.pl\/wp-content\/uploads\/2021\/02\/153486283_3717997438321924_4883592840266288426_o.jpg\"><img decoding=\"async\" class=\"wp_automatic_fb_img\" title=\"\" src=\"https:\/\/framex.pl\/wp-content\/uploads\/2021\/02\/153486283_3717997438321924_4883592840266288426_o.jpg\" \/><\/a><\/p>\n","protected":false},"excerpt":{"rendered":"<p>Pora na 6 ciekawostk\u0119 z naszej historii ? 2001 rok przyni\u00f3s\u0142 nam now\u0105 warto\u015bciow\u0105 wsp\u00f3\u0142prac\u0119 i jeszcze lepsz\u0105 jako\u015b\u0107? Dzi\u0119ki wsp\u00f3\u0142pracy z WinkHaus jako pierwsi? w Polsce rozpocz\u0119li\u015bmy produkcj\u0119 okien na okuciach nowej, wy\u017cszej jako\u015bci.?<\/p>\n","protected":false},"author":3,"featured_media":5198,"comment_status":"closed","ping_status":"closed","sticky":false,"template":"","format":"standard","meta":{"_acf_changed":false,"inline_featured_image":false,"footnotes":""},"categories":[1],"tags":[],"acf":[],"yoast_head":"<!-- This site is optimized with the Yoast SEO plugin v23.0 - https:\/\/yoast.com\/wordpress\/plugins\/seo\/ -->\n<title>Pora na 6 ciekawostk\u0119 z naszej historii  2001 r... &#171; Framex<\/title>\n<meta name=\"description\" content=\"Okna PCV i Drzwi produkujemy i instalujemy od 26 lat. W ofercie znajdziesz wysokiej klasy okna i drzwi jak i te na ka\u017cd\u0105 kiesze\u0144. Sprawd\u017a nasz\u0105 ofert\u0119.\" \/>\n<meta name=\"robots\" content=\"noindex, follow\" \/>\n<meta property=\"og:locale\" content=\"en_US\" \/>\n<meta property=\"og:type\" content=\"article\" \/>\n<meta property=\"og:title\" content=\"Pora na 6 ciekawostk\u0119 z naszej historii  2001 r... &#171; Framex\" \/>\n<meta property=\"og:description\" content=\"Okna PCV i Drzwi produkujemy i instalujemy od 26 lat. W ofercie znajdziesz wysokiej klasy okna i drzwi jak i te na ka\u017cd\u0105 kiesze\u0144. Sprawd\u017a nasz\u0105 ofert\u0119.\" \/>\n<meta property=\"og:url\" content=\"https:\/\/www.framex.pl\/en\/pora-na-6-ciekawostke-z-naszej-historii-2001-r\/\" \/>\n<meta property=\"og:site_name\" content=\"Framex\" \/>\n<meta property=\"article:published_time\" content=\"2021-02-26T12:00:54+00:00\" \/>\n<meta property=\"og:image\" content=\"https:\/\/www.framex.pl\/wp-content\/uploads\/2021\/02\/153486283_3717997438321924_4883592840266288426_o.jpg\" \/>\n\t<meta property=\"og:image:width\" content=\"720\" \/>\n\t<meta property=\"og:image:height\" content=\"540\" \/>\n\t<meta property=\"og:image:type\" content=\"image\/jpeg\" \/>\n<meta name=\"author\" content=\"klinika_reklamy\" \/>\n<meta name=\"twitter:card\" content=\"summary_large_image\" \/>\n<meta name=\"twitter:label1\" content=\"Written by\" \/>\n\t<meta name=\"twitter:data1\" content=\"klinika_reklamy\" \/>\n<script type=\"application\/ld+json\" class=\"yoast-schema-graph\">{\"@context\":\"https:\/\/schema.org\",\"@graph\":[{\"@type\":\"Article\",\"@id\":\"https:\/\/www.framex.pl\/en\/pora-na-6-ciekawostke-z-naszej-historii-2001-r\/#article\",\"isPartOf\":{\"@id\":\"https:\/\/www.framex.pl\/en\/pora-na-6-ciekawostke-z-naszej-historii-2001-r\/\"},\"author\":{\"name\":\"klinika_reklamy\",\"@id\":\"https:\/\/www.framex.pl\/#\/schema\/person\/41d4863cf3fa6e04d40f603859343ff4\"},\"headline\":\"Pora na 6 ciekawostk\u0119 z naszej historii 2001 r&#8230;\",\"datePublished\":\"2021-02-26T12:00:54+00:00\",\"dateModified\":\"2021-02-26T12:00:54+00:00\",\"mainEntityOfPage\":{\"@id\":\"https:\/\/www.framex.pl\/en\/pora-na-6-ciekawostke-z-naszej-historii-2001-r\/\"},\"wordCount\":48,\"publisher\":{\"@id\":\"https:\/\/www.framex.pl\/#organization\"},\"image\":{\"@id\":\"https:\/\/www.framex.pl\/en\/pora-na-6-ciekawostke-z-naszej-historii-2001-r\/#primaryimage\"},\"thumbnailUrl\":\"https:\/\/www.framex.pl\/wp-content\/uploads\/2021\/02\/153486283_3717997438321924_4883592840266288426_o.jpg\",\"articleSection\":[\"Bez kategorii\"],\"inLanguage\":\"en-US\"},{\"@type\":\"WebPage\",\"@id\":\"https:\/\/www.framex.pl\/en\/pora-na-6-ciekawostke-z-naszej-historii-2001-r\/\",\"url\":\"https:\/\/www.framex.pl\/en\/pora-na-6-ciekawostke-z-naszej-historii-2001-r\/\",\"name\":\"Pora na 6 ciekawostk\u0119 z naszej historii 2001 r... &#171; Framex\",\"isPartOf\":{\"@id\":\"https:\/\/www.framex.pl\/#website\"},\"primaryImageOfPage\":{\"@id\":\"https:\/\/www.framex.pl\/en\/pora-na-6-ciekawostke-z-naszej-historii-2001-r\/#primaryimage\"},\"image\":{\"@id\":\"https:\/\/www.framex.pl\/en\/pora-na-6-ciekawostke-z-naszej-historii-2001-r\/#primaryimage\"},\"thumbnailUrl\":\"https:\/\/www.framex.pl\/wp-content\/uploads\/2021\/02\/153486283_3717997438321924_4883592840266288426_o.jpg\",\"datePublished\":\"2021-02-26T12:00:54+00:00\",\"dateModified\":\"2021-02-26T12:00:54+00:00\",\"description\":\"Okna PCV i Drzwi produkujemy i instalujemy od 26 lat. W ofercie znajdziesz wysokiej klasy okna i drzwi jak i te na ka\u017cd\u0105 kiesze\u0144. Sprawd\u017a nasz\u0105 ofert\u0119.\",\"breadcrumb\":{\"@id\":\"https:\/\/www.framex.pl\/en\/pora-na-6-ciekawostke-z-naszej-historii-2001-r\/#breadcrumb\"},\"inLanguage\":\"en-US\",\"potentialAction\":[{\"@type\":\"ReadAction\",\"target\":[\"https:\/\/www.framex.pl\/en\/pora-na-6-ciekawostke-z-naszej-historii-2001-r\/\"]}]},{\"@type\":\"ImageObject\",\"inLanguage\":\"en-US\",\"@id\":\"https:\/\/www.framex.pl\/en\/pora-na-6-ciekawostke-z-naszej-historii-2001-r\/#primaryimage\",\"url\":\"https:\/\/www.framex.pl\/wp-content\/uploads\/2021\/02\/153486283_3717997438321924_4883592840266288426_o.jpg\",\"contentUrl\":\"https:\/\/www.framex.pl\/wp-content\/uploads\/2021\/02\/153486283_3717997438321924_4883592840266288426_o.jpg\",\"width\":720,\"height\":540},{\"@type\":\"BreadcrumbList\",\"@id\":\"https:\/\/www.framex.pl\/en\/pora-na-6-ciekawostke-z-naszej-historii-2001-r\/#breadcrumb\",\"itemListElement\":[{\"@type\":\"ListItem\",\"position\":1,\"name\":\"Strona G\u0142\u00f3wna\",\"item\":\"https:\/\/www.framex.pl\/en\/\"},{\"@type\":\"ListItem\",\"position\":2,\"name\":\"Uncategorized\",\"item\":\"https:\/\/www.framex.pl\/en\/category\/uncategorized\/\"},{\"@type\":\"ListItem\",\"position\":3,\"name\":\"Pora na 6 ciekawostk\u0119 z naszej historii 2001 r&#8230;\"}]},{\"@type\":\"WebSite\",\"@id\":\"https:\/\/www.framex.pl\/#website\",\"url\":\"https:\/\/www.framex.pl\/\",\"name\":\"Framex\",\"description\":\"Okna i Drzwi z PCV oraz Aluminium prosto od Producenta - bez po\u015brednik\u00f3w! Zajmujemy si\u0119 produkcj\u0105 i monta\u017cem okien od 26 lat. Jeste\u015bmy liderem w woj. zachodniopomorskim.  W ofercie znajdziesz wysokiej klasy okna PCV PCW z fachow\u0105 us\u0142ug\u0105 monta\u017cu. Sprawd\u017a nasz\u0105 ofert\u0119. Salony sprzeda\u017cy w Szczecinie, Stargardzie i Morzyczynie. Przyjd\u017a i sprawd\u017a.\",\"publisher\":{\"@id\":\"https:\/\/www.framex.pl\/#organization\"},\"inLanguage\":\"en-US\"},{\"@type\":\"Organization\",\"@id\":\"https:\/\/www.framex.pl\/#organization\",\"name\":\"Framex Producent Okien\",\"url\":\"https:\/\/www.framex.pl\/\",\"logo\":{\"@type\":\"ImageObject\",\"inLanguage\":\"en-US\",\"@id\":\"https:\/\/www.framex.pl\/#\/schema\/logo\/image\/\",\"url\":\"https:\/\/www.framex.pl\/wp-content\/uploads\/2026\/01\/Framex-2026-FB-logo-v3.png\",\"contentUrl\":\"https:\/\/www.framex.pl\/wp-content\/uploads\/2026\/01\/Framex-2026-FB-logo-v3.png\",\"width\":1080,\"height\":1080,\"caption\":\"Framex Producent Okien\"},\"image\":{\"@id\":\"https:\/\/www.framex.pl\/#\/schema\/logo\/image\/\"}},{\"@type\":\"Person\",\"@id\":\"https:\/\/www.framex.pl\/#\/schema\/person\/41d4863cf3fa6e04d40f603859343ff4\",\"name\":\"klinika_reklamy\"}]}<\/script>\n<!-- \/ Yoast SEO plugin. -->","yoast_head_json":{"title":"Pora na 6 ciekawostk\u0119 z naszej historii  2001 r... &#171; Framex","description":"Okna PCV i Drzwi produkujemy i instalujemy od 26 lat. W ofercie znajdziesz wysokiej klasy okna i drzwi jak i te na ka\u017cd\u0105 kiesze\u0144. Sprawd\u017a nasz\u0105 ofert\u0119.","robots":{"index":"noindex","follow":"follow"},"og_locale":"en_US","og_type":"article","og_title":"Pora na 6 ciekawostk\u0119 z naszej historii  2001 r... &#171; Framex","og_description":"Okna PCV i Drzwi produkujemy i instalujemy od 26 lat. W ofercie znajdziesz wysokiej klasy okna i drzwi jak i te na ka\u017cd\u0105 kiesze\u0144. Sprawd\u017a nasz\u0105 ofert\u0119.","og_url":"https:\/\/www.framex.pl\/en\/pora-na-6-ciekawostke-z-naszej-historii-2001-r\/","og_site_name":"Framex","article_published_time":"2021-02-26T12:00:54+00:00","og_image":[{"width":720,"height":540,"url":"https:\/\/www.framex.pl\/wp-content\/uploads\/2021\/02\/153486283_3717997438321924_4883592840266288426_o.jpg","type":"image\/jpeg"}],"author":"klinika_reklamy","twitter_card":"summary_large_image","twitter_misc":{"Written by":"klinika_reklamy"},"schema":{"@context":"https:\/\/schema.org","@graph":[{"@type":"Article","@id":"https:\/\/www.framex.pl\/en\/pora-na-6-ciekawostke-z-naszej-historii-2001-r\/#article","isPartOf":{"@id":"https:\/\/www.framex.pl\/en\/pora-na-6-ciekawostke-z-naszej-historii-2001-r\/"},"author":{"name":"klinika_reklamy","@id":"https:\/\/www.framex.pl\/#\/schema\/person\/41d4863cf3fa6e04d40f603859343ff4"},"headline":"Pora na 6 ciekawostk\u0119 z naszej historii 2001 r&#8230;","datePublished":"2021-02-26T12:00:54+00:00","dateModified":"2021-02-26T12:00:54+00:00","mainEntityOfPage":{"@id":"https:\/\/www.framex.pl\/en\/pora-na-6-ciekawostke-z-naszej-historii-2001-r\/"},"wordCount":48,"publisher":{"@id":"https:\/\/www.framex.pl\/#organization"},"image":{"@id":"https:\/\/www.framex.pl\/en\/pora-na-6-ciekawostke-z-naszej-historii-2001-r\/#primaryimage"},"thumbnailUrl":"https:\/\/www.framex.pl\/wp-content\/uploads\/2021\/02\/153486283_3717997438321924_4883592840266288426_o.jpg","articleSection":["Bez kategorii"],"inLanguage":"en-US"},{"@type":"WebPage","@id":"https:\/\/www.framex.pl\/en\/pora-na-6-ciekawostke-z-naszej-historii-2001-r\/","url":"https:\/\/www.framex.pl\/en\/pora-na-6-ciekawostke-z-naszej-historii-2001-r\/","name":"Pora na 6 ciekawostk\u0119 z naszej historii 2001 r... &#171; Framex","isPartOf":{"@id":"https:\/\/www.framex.pl\/#website"},"primaryImageOfPage":{"@id":"https:\/\/www.framex.pl\/en\/pora-na-6-ciekawostke-z-naszej-historii-2001-r\/#primaryimage"},"image":{"@id":"https:\/\/www.framex.pl\/en\/pora-na-6-ciekawostke-z-naszej-historii-2001-r\/#primaryimage"},"thumbnailUrl":"https:\/\/www.framex.pl\/wp-content\/uploads\/2021\/02\/153486283_3717997438321924_4883592840266288426_o.jpg","datePublished":"2021-02-26T12:00:54+00:00","dateModified":"2021-02-26T12:00:54+00:00","description":"Okna PCV i Drzwi produkujemy i instalujemy od 26 lat. W ofercie znajdziesz wysokiej klasy okna i drzwi jak i te na ka\u017cd\u0105 kiesze\u0144. Sprawd\u017a nasz\u0105 ofert\u0119.","breadcrumb":{"@id":"https:\/\/www.framex.pl\/en\/pora-na-6-ciekawostke-z-naszej-historii-2001-r\/#breadcrumb"},"inLanguage":"en-US","potentialAction":[{"@type":"ReadAction","target":["https:\/\/www.framex.pl\/en\/pora-na-6-ciekawostke-z-naszej-historii-2001-r\/"]}]},{"@type":"ImageObject","inLanguage":"en-US","@id":"https:\/\/www.framex.pl\/en\/pora-na-6-ciekawostke-z-naszej-historii-2001-r\/#primaryimage","url":"https:\/\/www.framex.pl\/wp-content\/uploads\/2021\/02\/153486283_3717997438321924_4883592840266288426_o.jpg","contentUrl":"https:\/\/www.framex.pl\/wp-content\/uploads\/2021\/02\/153486283_3717997438321924_4883592840266288426_o.jpg","width":720,"height":540},{"@type":"BreadcrumbList","@id":"https:\/\/www.framex.pl\/en\/pora-na-6-ciekawostke-z-naszej-historii-2001-r\/#breadcrumb","itemListElement":[{"@type":"ListItem","position":1,"name":"Strona G\u0142\u00f3wna","item":"https:\/\/www.framex.pl\/en\/"},{"@type":"ListItem","position":2,"name":"Uncategorized","item":"https:\/\/www.framex.pl\/en\/category\/uncategorized\/"},{"@type":"ListItem","position":3,"name":"Pora na 6 ciekawostk\u0119 z naszej historii 2001 r&#8230;"}]},{"@type":"WebSite","@id":"https:\/\/www.framex.pl\/#website","url":"https:\/\/www.framex.pl\/","name":"Framex","description":"Okna i Drzwi z PCV oraz Aluminium prosto od Producenta - bez po\u015brednik\u00f3w! Zajmujemy si\u0119 produkcj\u0105 i monta\u017cem okien od 26 lat. Jeste\u015bmy liderem w woj. zachodniopomorskim.  W ofercie znajdziesz wysokiej klasy okna PCV PCW z fachow\u0105 us\u0142ug\u0105 monta\u017cu. Sprawd\u017a nasz\u0105 ofert\u0119. Salony sprzeda\u017cy w Szczecinie, Stargardzie i Morzyczynie. Przyjd\u017a i sprawd\u017a.","publisher":{"@id":"https:\/\/www.framex.pl\/#organization"},"inLanguage":"en-US"},{"@type":"Organization","@id":"https:\/\/www.framex.pl\/#organization","name":"Framex Producent Okien","url":"https:\/\/www.framex.pl\/","logo":{"@type":"ImageObject","inLanguage":"en-US","@id":"https:\/\/www.framex.pl\/#\/schema\/logo\/image\/","url":"https:\/\/www.framex.pl\/wp-content\/uploads\/2026\/01\/Framex-2026-FB-logo-v3.png","contentUrl":"https:\/\/www.framex.pl\/wp-content\/uploads\/2026\/01\/Framex-2026-FB-logo-v3.png","width":1080,"height":1080,"caption":"Framex Producent Okien"},"image":{"@id":"https:\/\/www.framex.pl\/#\/schema\/logo\/image\/"}},{"@type":"Person","@id":"https:\/\/www.framex.pl\/#\/schema\/person\/41d4863cf3fa6e04d40f603859343ff4","name":"klinika_reklamy"}]}},"_links":{"self":[{"href":"https:\/\/www.framex.pl\/en\/wp-json\/wp\/v2\/posts\/5197"}],"collection":[{"href":"https:\/\/www.framex.pl\/en\/wp-json\/wp\/v2\/posts"}],"about":[{"href":"https:\/\/www.framex.pl\/en\/wp-json\/wp\/v2\/types\/post"}],"author":[{"embeddable":true,"href":"https:\/\/www.framex.pl\/en\/wp-json\/wp\/v2\/users\/3"}],"replies":[{"embeddable":true,"href":"https:\/\/www.framex.pl\/en\/wp-json\/wp\/v2\/comments?post=5197"}],"version-history":[{"count":0,"href":"https:\/\/www.framex.pl\/en\/wp-json\/wp\/v2\/posts\/5197\/revisions"}],"wp:featuredmedia":[{"embeddable":true,"href":"https:\/\/www.framex.pl\/en\/wp-json\/wp\/v2\/media\/5198"}],"wp:attachment":[{"href":"https:\/\/www.framex.pl\/en\/wp-json\/wp\/v2\/media?parent=5197"}],"wp:term":[{"taxonomy":"category","embeddable":true,"href":"https:\/\/www.framex.pl\/en\/wp-json\/wp\/v2\/categories?post=5197"},{"taxonomy":"post_tag","embeddable":true,"href":"https:\/\/www.framex.pl\/en\/wp-json\/wp\/v2\/tags?post=5197"}],"curies":[{"name":"wp","href":"https:\/\/api.w.org\/{rel}","templated":true}]}}