{"id":5210,"date":"2021-03-03T17:01:49","date_gmt":"2021-03-03T16:01:49","guid":{"rendered":"https:\/\/framex.pl\/kolejny-wazny-moment-w-naszej-historii-to-2006r\/"},"modified":"2021-03-03T17:01:49","modified_gmt":"2021-03-03T16:01:49","slug":"kolejny-wazny-moment-w-naszej-historii-to-2006r","status":"publish","type":"post","link":"https:\/\/www.framex.pl\/de\/kolejny-wazny-moment-w-naszej-historii-to-2006r\/","title":{"rendered":"Kolejny wa\u017cny moment w naszej historii to 2006r&#8230;."},"content":{"rendered":"<p>Kolejny wa\u017cny moment w naszej historii to 2006r.- powsta\u0142a wtedy nowa hala produkcyjna naszego zak\u0142adu??<br \/>\n Pozwoli\u0142a ona produkowa\u0107 jeszcze wi\u0119cej wysokiej jako\u015bci okien.<br \/>\n Zosta\u0142o nam do opowiedzenia jeszcze 1\ufe0f\u20e35\ufe0f\u20e3 lat!   Czekajcie na wi\u0119cej?<\/p>\n<p><a rel=\"nofollow\" href=\"https:\/\/facebook.com\/story.php?story_fbid=3733256373462697&amp;substory_index=0&amp;id=105360336252337&amp;__tn__=%2As%2As-R\" aria-label=\"Otwarte zdarzenie\" class=\"_5msj\"><\/a><\/p>\n<p><a rel=\"nofollow\" href=\"https:\/\/framex.pl\/wp-content\/uploads\/2021\/03\/156934997_3733256376796030_6397979657332831521_o.jpg\"><img decoding=\"async\" class=\"wp_automatic_fb_img\" title=\"\" src=\"https:\/\/framex.pl\/wp-content\/uploads\/2021\/03\/156934997_3733256376796030_6397979657332831521_o.jpg\" \/><\/a><\/p>\n","protected":false},"excerpt":{"rendered":"<p>Kolejny wa\u017cny moment w naszej historii to 2006r.- powsta\u0142a wtedy nowa hala produkcyjna naszego zak\u0142adu?? Pozwoli\u0142a ona produkowa\u0107 jeszcze wi\u0119cej wysokiej jako\u015bci okien. Zosta\u0142o nam do opowiedzenia jeszcze 1\ufe0f\u20e35\ufe0f\u20e3 lat! Czekajcie na wi\u0119cej?<\/p>\n","protected":false},"author":3,"featured_media":5211,"comment_status":"closed","ping_status":"closed","sticky":false,"template":"","format":"standard","meta":{"_acf_changed":false,"inline_featured_image":false,"footnotes":""},"categories":[1],"tags":[],"acf":[],"yoast_head":"<!-- This site is optimized with the Yoast SEO plugin v23.0 - https:\/\/yoast.com\/wordpress\/plugins\/seo\/ -->\n<title>Kolejny wa\u017cny moment w naszej historii to 2006r.... &#171; Framex<\/title>\n<meta name=\"description\" content=\"Okna PCV i Drzwi produkujemy i instalujemy od 26 lat. W ofercie znajdziesz wysokiej klasy okna i drzwi jak i te na ka\u017cd\u0105 kiesze\u0144. Sprawd\u017a nasz\u0105 ofert\u0119.\" \/>\n<meta name=\"robots\" content=\"noindex, follow\" \/>\n<meta property=\"og:locale\" content=\"de_DE\" \/>\n<meta property=\"og:type\" content=\"article\" \/>\n<meta property=\"og:title\" content=\"Kolejny wa\u017cny moment w naszej historii to 2006r.... &#171; Framex\" \/>\n<meta property=\"og:description\" content=\"Okna PCV i Drzwi produkujemy i instalujemy od 26 lat. W ofercie znajdziesz wysokiej klasy okna i drzwi jak i te na ka\u017cd\u0105 kiesze\u0144. Sprawd\u017a nasz\u0105 ofert\u0119.\" \/>\n<meta property=\"og:url\" content=\"https:\/\/www.framex.pl\/kolejny-wazny-moment-w-naszej-historii-to-2006r\/\" \/>\n<meta property=\"og:site_name\" content=\"Framex\" \/>\n<meta property=\"article:published_time\" content=\"2021-03-03T16:01:49+00:00\" \/>\n<meta property=\"og:image\" content=\"https:\/\/www.framex.pl\/wp-content\/uploads\/2021\/03\/156934997_3733256376796030_6397979657332831521_o.jpg\" \/>\n\t<meta property=\"og:image:width\" content=\"720\" \/>\n\t<meta property=\"og:image:height\" content=\"540\" \/>\n\t<meta property=\"og:image:type\" content=\"image\/jpeg\" \/>\n<meta name=\"author\" content=\"klinika_reklamy\" \/>\n<meta name=\"twitter:card\" content=\"summary_large_image\" \/>\n<meta name=\"twitter:label1\" content=\"Written by\" \/>\n\t<meta name=\"twitter:data1\" content=\"klinika_reklamy\" \/>\n<script type=\"application\/ld+json\" class=\"yoast-schema-graph\">{\"@context\":\"https:\/\/schema.org\",\"@graph\":[{\"@type\":\"Article\",\"@id\":\"https:\/\/www.framex.pl\/kolejny-wazny-moment-w-naszej-historii-to-2006r\/#article\",\"isPartOf\":{\"@id\":\"https:\/\/www.framex.pl\/kolejny-wazny-moment-w-naszej-historii-to-2006r\/\"},\"author\":{\"name\":\"klinika_reklamy\",\"@id\":\"https:\/\/www.framex.pl\/#\/schema\/person\/41d4863cf3fa6e04d40f603859343ff4\"},\"headline\":\"Kolejny wa\u017cny moment w naszej historii to 2006r&#8230;.\",\"datePublished\":\"2021-03-03T16:01:49+00:00\",\"dateModified\":\"2021-03-03T16:01:49+00:00\",\"mainEntityOfPage\":{\"@id\":\"https:\/\/www.framex.pl\/kolejny-wazny-moment-w-naszej-historii-to-2006r\/\"},\"wordCount\":50,\"publisher\":{\"@id\":\"https:\/\/www.framex.pl\/#organization\"},\"image\":{\"@id\":\"https:\/\/www.framex.pl\/kolejny-wazny-moment-w-naszej-historii-to-2006r\/#primaryimage\"},\"thumbnailUrl\":\"https:\/\/www.framex.pl\/wp-content\/uploads\/2021\/03\/156934997_3733256376796030_6397979657332831521_o.jpg\",\"articleSection\":[\"Bez kategorii\"],\"inLanguage\":\"de-DE\"},{\"@type\":\"WebPage\",\"@id\":\"https:\/\/www.framex.pl\/kolejny-wazny-moment-w-naszej-historii-to-2006r\/\",\"url\":\"https:\/\/www.framex.pl\/kolejny-wazny-moment-w-naszej-historii-to-2006r\/\",\"name\":\"Kolejny wa\u017cny moment w naszej historii to 2006r.... &#171; Framex\",\"isPartOf\":{\"@id\":\"https:\/\/www.framex.pl\/#website\"},\"primaryImageOfPage\":{\"@id\":\"https:\/\/www.framex.pl\/kolejny-wazny-moment-w-naszej-historii-to-2006r\/#primaryimage\"},\"image\":{\"@id\":\"https:\/\/www.framex.pl\/kolejny-wazny-moment-w-naszej-historii-to-2006r\/#primaryimage\"},\"thumbnailUrl\":\"https:\/\/www.framex.pl\/wp-content\/uploads\/2021\/03\/156934997_3733256376796030_6397979657332831521_o.jpg\",\"datePublished\":\"2021-03-03T16:01:49+00:00\",\"dateModified\":\"2021-03-03T16:01:49+00:00\",\"description\":\"Okna PCV i Drzwi produkujemy i instalujemy od 26 lat. W ofercie znajdziesz wysokiej klasy okna i drzwi jak i te na ka\u017cd\u0105 kiesze\u0144. Sprawd\u017a nasz\u0105 ofert\u0119.\",\"breadcrumb\":{\"@id\":\"https:\/\/www.framex.pl\/kolejny-wazny-moment-w-naszej-historii-to-2006r\/#breadcrumb\"},\"inLanguage\":\"de-DE\",\"potentialAction\":[{\"@type\":\"ReadAction\",\"target\":[\"https:\/\/www.framex.pl\/kolejny-wazny-moment-w-naszej-historii-to-2006r\/\"]}]},{\"@type\":\"ImageObject\",\"inLanguage\":\"de-DE\",\"@id\":\"https:\/\/www.framex.pl\/kolejny-wazny-moment-w-naszej-historii-to-2006r\/#primaryimage\",\"url\":\"https:\/\/www.framex.pl\/wp-content\/uploads\/2021\/03\/156934997_3733256376796030_6397979657332831521_o.jpg\",\"contentUrl\":\"https:\/\/www.framex.pl\/wp-content\/uploads\/2021\/03\/156934997_3733256376796030_6397979657332831521_o.jpg\",\"width\":720,\"height\":540},{\"@type\":\"BreadcrumbList\",\"@id\":\"https:\/\/www.framex.pl\/kolejny-wazny-moment-w-naszej-historii-to-2006r\/#breadcrumb\",\"itemListElement\":[{\"@type\":\"ListItem\",\"position\":1,\"name\":\"Strona G\u0142\u00f3wna\",\"item\":\"https:\/\/www.framex.pl\/de\/\"},{\"@type\":\"ListItem\",\"position\":2,\"name\":\"Uncategorized\",\"item\":\"https:\/\/www.framex.pl\/en\/category\/uncategorized\/\"},{\"@type\":\"ListItem\",\"position\":3,\"name\":\"Kolejny wa\u017cny moment w naszej historii to 2006r&#8230;.\"}]},{\"@type\":\"WebSite\",\"@id\":\"https:\/\/www.framex.pl\/#website\",\"url\":\"https:\/\/www.framex.pl\/\",\"name\":\"Framex\",\"description\":\"Okna i Drzwi z PCV oraz Aluminium prosto od Producenta - bez po\u015brednik\u00f3w! Zajmujemy si\u0119 produkcj\u0105 i monta\u017cem okien od 26 lat. Jeste\u015bmy liderem w woj. zachodniopomorskim.  W ofercie znajdziesz wysokiej klasy okna PCV PCW z fachow\u0105 us\u0142ug\u0105 monta\u017cu. Sprawd\u017a nasz\u0105 ofert\u0119. Salony sprzeda\u017cy w Szczecinie, Stargardzie i Morzyczynie. Przyjd\u017a i sprawd\u017a.\",\"publisher\":{\"@id\":\"https:\/\/www.framex.pl\/#organization\"},\"inLanguage\":\"de-DE\"},{\"@type\":\"Organization\",\"@id\":\"https:\/\/www.framex.pl\/#organization\",\"name\":\"Framex Producent Okien\",\"url\":\"https:\/\/www.framex.pl\/\",\"logo\":{\"@type\":\"ImageObject\",\"inLanguage\":\"de-DE\",\"@id\":\"https:\/\/www.framex.pl\/#\/schema\/logo\/image\/\",\"url\":\"https:\/\/www.framex.pl\/wp-content\/uploads\/2026\/01\/Framex-2026-FB-logo-v3.png\",\"contentUrl\":\"https:\/\/www.framex.pl\/wp-content\/uploads\/2026\/01\/Framex-2026-FB-logo-v3.png\",\"width\":1080,\"height\":1080,\"caption\":\"Framex Producent Okien\"},\"image\":{\"@id\":\"https:\/\/www.framex.pl\/#\/schema\/logo\/image\/\"}},{\"@type\":\"Person\",\"@id\":\"https:\/\/www.framex.pl\/#\/schema\/person\/41d4863cf3fa6e04d40f603859343ff4\",\"name\":\"klinika_reklamy\"}]}<\/script>\n<!-- \/ Yoast SEO plugin. -->","yoast_head_json":{"title":"Kolejny wa\u017cny moment w naszej historii to 2006r.... &#171; Framex","description":"Okna PCV i Drzwi produkujemy i instalujemy od 26 lat. W ofercie znajdziesz wysokiej klasy okna i drzwi jak i te na ka\u017cd\u0105 kiesze\u0144. Sprawd\u017a nasz\u0105 ofert\u0119.","robots":{"index":"noindex","follow":"follow"},"og_locale":"de_DE","og_type":"article","og_title":"Kolejny wa\u017cny moment w naszej historii to 2006r.... &#171; Framex","og_description":"Okna PCV i Drzwi produkujemy i instalujemy od 26 lat. W ofercie znajdziesz wysokiej klasy okna i drzwi jak i te na ka\u017cd\u0105 kiesze\u0144. Sprawd\u017a nasz\u0105 ofert\u0119.","og_url":"https:\/\/www.framex.pl\/kolejny-wazny-moment-w-naszej-historii-to-2006r\/","og_site_name":"Framex","article_published_time":"2021-03-03T16:01:49+00:00","og_image":[{"width":720,"height":540,"url":"https:\/\/www.framex.pl\/wp-content\/uploads\/2021\/03\/156934997_3733256376796030_6397979657332831521_o.jpg","type":"image\/jpeg"}],"author":"klinika_reklamy","twitter_card":"summary_large_image","twitter_misc":{"Written by":"klinika_reklamy"},"schema":{"@context":"https:\/\/schema.org","@graph":[{"@type":"Article","@id":"https:\/\/www.framex.pl\/kolejny-wazny-moment-w-naszej-historii-to-2006r\/#article","isPartOf":{"@id":"https:\/\/www.framex.pl\/kolejny-wazny-moment-w-naszej-historii-to-2006r\/"},"author":{"name":"klinika_reklamy","@id":"https:\/\/www.framex.pl\/#\/schema\/person\/41d4863cf3fa6e04d40f603859343ff4"},"headline":"Kolejny wa\u017cny moment w naszej historii to 2006r&#8230;.","datePublished":"2021-03-03T16:01:49+00:00","dateModified":"2021-03-03T16:01:49+00:00","mainEntityOfPage":{"@id":"https:\/\/www.framex.pl\/kolejny-wazny-moment-w-naszej-historii-to-2006r\/"},"wordCount":50,"publisher":{"@id":"https:\/\/www.framex.pl\/#organization"},"image":{"@id":"https:\/\/www.framex.pl\/kolejny-wazny-moment-w-naszej-historii-to-2006r\/#primaryimage"},"thumbnailUrl":"https:\/\/www.framex.pl\/wp-content\/uploads\/2021\/03\/156934997_3733256376796030_6397979657332831521_o.jpg","articleSection":["Bez kategorii"],"inLanguage":"de-DE"},{"@type":"WebPage","@id":"https:\/\/www.framex.pl\/kolejny-wazny-moment-w-naszej-historii-to-2006r\/","url":"https:\/\/www.framex.pl\/kolejny-wazny-moment-w-naszej-historii-to-2006r\/","name":"Kolejny wa\u017cny moment w naszej historii to 2006r.... &#171; Framex","isPartOf":{"@id":"https:\/\/www.framex.pl\/#website"},"primaryImageOfPage":{"@id":"https:\/\/www.framex.pl\/kolejny-wazny-moment-w-naszej-historii-to-2006r\/#primaryimage"},"image":{"@id":"https:\/\/www.framex.pl\/kolejny-wazny-moment-w-naszej-historii-to-2006r\/#primaryimage"},"thumbnailUrl":"https:\/\/www.framex.pl\/wp-content\/uploads\/2021\/03\/156934997_3733256376796030_6397979657332831521_o.jpg","datePublished":"2021-03-03T16:01:49+00:00","dateModified":"2021-03-03T16:01:49+00:00","description":"Okna PCV i Drzwi produkujemy i instalujemy od 26 lat. W ofercie znajdziesz wysokiej klasy okna i drzwi jak i te na ka\u017cd\u0105 kiesze\u0144. Sprawd\u017a nasz\u0105 ofert\u0119.","breadcrumb":{"@id":"https:\/\/www.framex.pl\/kolejny-wazny-moment-w-naszej-historii-to-2006r\/#breadcrumb"},"inLanguage":"de-DE","potentialAction":[{"@type":"ReadAction","target":["https:\/\/www.framex.pl\/kolejny-wazny-moment-w-naszej-historii-to-2006r\/"]}]},{"@type":"ImageObject","inLanguage":"de-DE","@id":"https:\/\/www.framex.pl\/kolejny-wazny-moment-w-naszej-historii-to-2006r\/#primaryimage","url":"https:\/\/www.framex.pl\/wp-content\/uploads\/2021\/03\/156934997_3733256376796030_6397979657332831521_o.jpg","contentUrl":"https:\/\/www.framex.pl\/wp-content\/uploads\/2021\/03\/156934997_3733256376796030_6397979657332831521_o.jpg","width":720,"height":540},{"@type":"BreadcrumbList","@id":"https:\/\/www.framex.pl\/kolejny-wazny-moment-w-naszej-historii-to-2006r\/#breadcrumb","itemListElement":[{"@type":"ListItem","position":1,"name":"Strona G\u0142\u00f3wna","item":"https:\/\/www.framex.pl\/de\/"},{"@type":"ListItem","position":2,"name":"Uncategorized","item":"https:\/\/www.framex.pl\/en\/category\/uncategorized\/"},{"@type":"ListItem","position":3,"name":"Kolejny wa\u017cny moment w naszej historii to 2006r&#8230;."}]},{"@type":"WebSite","@id":"https:\/\/www.framex.pl\/#website","url":"https:\/\/www.framex.pl\/","name":"Framex","description":"Okna i Drzwi z PCV oraz Aluminium prosto od Producenta - bez po\u015brednik\u00f3w! Zajmujemy si\u0119 produkcj\u0105 i monta\u017cem okien od 26 lat. Jeste\u015bmy liderem w woj. zachodniopomorskim.  W ofercie znajdziesz wysokiej klasy okna PCV PCW z fachow\u0105 us\u0142ug\u0105 monta\u017cu. Sprawd\u017a nasz\u0105 ofert\u0119. Salony sprzeda\u017cy w Szczecinie, Stargardzie i Morzyczynie. Przyjd\u017a i sprawd\u017a.","publisher":{"@id":"https:\/\/www.framex.pl\/#organization"},"inLanguage":"de-DE"},{"@type":"Organization","@id":"https:\/\/www.framex.pl\/#organization","name":"Framex Producent Okien","url":"https:\/\/www.framex.pl\/","logo":{"@type":"ImageObject","inLanguage":"de-DE","@id":"https:\/\/www.framex.pl\/#\/schema\/logo\/image\/","url":"https:\/\/www.framex.pl\/wp-content\/uploads\/2026\/01\/Framex-2026-FB-logo-v3.png","contentUrl":"https:\/\/www.framex.pl\/wp-content\/uploads\/2026\/01\/Framex-2026-FB-logo-v3.png","width":1080,"height":1080,"caption":"Framex Producent Okien"},"image":{"@id":"https:\/\/www.framex.pl\/#\/schema\/logo\/image\/"}},{"@type":"Person","@id":"https:\/\/www.framex.pl\/#\/schema\/person\/41d4863cf3fa6e04d40f603859343ff4","name":"klinika_reklamy"}]}},"_links":{"self":[{"href":"https:\/\/www.framex.pl\/de\/wp-json\/wp\/v2\/posts\/5210"}],"collection":[{"href":"https:\/\/www.framex.pl\/de\/wp-json\/wp\/v2\/posts"}],"about":[{"href":"https:\/\/www.framex.pl\/de\/wp-json\/wp\/v2\/types\/post"}],"author":[{"embeddable":true,"href":"https:\/\/www.framex.pl\/de\/wp-json\/wp\/v2\/users\/3"}],"replies":[{"embeddable":true,"href":"https:\/\/www.framex.pl\/de\/wp-json\/wp\/v2\/comments?post=5210"}],"version-history":[{"count":0,"href":"https:\/\/www.framex.pl\/de\/wp-json\/wp\/v2\/posts\/5210\/revisions"}],"wp:featuredmedia":[{"embeddable":true,"href":"https:\/\/www.framex.pl\/de\/wp-json\/wp\/v2\/media\/5211"}],"wp:attachment":[{"href":"https:\/\/www.framex.pl\/de\/wp-json\/wp\/v2\/media?parent=5210"}],"wp:term":[{"taxonomy":"category","embeddable":true,"href":"https:\/\/www.framex.pl\/de\/wp-json\/wp\/v2\/categories?post=5210"},{"taxonomy":"post_tag","embeddable":true,"href":"https:\/\/www.framex.pl\/de\/wp-json\/wp\/v2\/tags?post=5210"}],"curies":[{"name":"wp","href":"https:\/\/api.w.org\/{rel}","templated":true}]}}